{"id":3463,"date":"2025-12-16T14:37:49","date_gmt":"2025-12-16T14:37:49","guid":{"rendered":"https:\/\/www.galyco.com\/?p=3463"},"modified":"2026-01-22T08:29:19","modified_gmt":"2026-01-22T08:29:19","slug":"5-claves-del-packing-en-barcelona-para-ecommerce","status":"publish","type":"post","link":"https:\/\/esffera.com\/blog\/5-claves-del-packing-en-barcelona-para-ecommerce\/","title":{"rendered":"5 claves del packing en Barcelona para ecommerce"},"content":{"rendered":"<p>El <strong><em>packing<\/em> en Barcelona <\/strong>contribuye al comercio electr\u00f3nico con aportaciones de distinta naturaleza. Ayuda a\u00a0proteger una mercanc\u00eda, facilitar el almacenaje, permitir la manipulaci\u00f3n y acompa\u00f1ar en el desplazamiento hasta llegar al usuario final. Adem\u00e1s, identifica una marca con la promoci\u00f3n la presencia en el mercado por una combinaci\u00f3n de dise\u00f1o funcional y de creatividad <strong>log\u00edstica<\/strong>.<\/p>\n<h2 class=\"verde\">Caracter\u00edsticas del packing para <em>ecommerce<\/em><\/h2>\n<p>El <em><strong>ecommerce<\/strong><\/em> ocupa casi las mismas categor\u00edas que trabaja el comercio tradicional. Pocas actividades se resisten a este nuevo medio de poner en contacto ofertas con el p\u00fablico objetivo. En esta variedad puedes observar las siguientes caracter\u00edsticas que delimitan y marcan las pautas seguidas por los canales de distribuci\u00f3n:<\/p>\n<p>1. Los materiales empleados est\u00e1n determinados por sus cualidades de resistencia y protecci\u00f3n de la compra. Tambi\u00e9n, influyen el precio y las normas legales que limitan el uso de envases de dif\u00edcil reciclaje. As\u00ed, en los alimentos siguen las orientaciones fijadas en el <a class=\"eblog\" href=\"http:\/\/foodforlife-spain.es\/meetingpack-2019-tendencias-envases-barrera-sostenibles-objetivo-h2030\/\" target=\"_blank\" rel=\"noopener noreferrer\">Objetivo H2030<\/a> que apuesta por una econom\u00eda circular, amable con el medio ambiente y de bajo consumo energ\u00e9tico. En general el cart\u00f3n aparece entre los materiales m\u00e1s vers\u00e1tiles y pr\u00e1cticos.<\/p>\n<p>2. El envase debe participar y multiplicar gratamente las primeras impresiones y experiencias de uso. El <em>ecommerce <\/em>est\u00e1 estrechamente vinculado con el fen\u00f3meno medi\u00e1tico del <em>unboxing<\/em> como contenido promotor de ventas. En este terreno el embalaje forma parte del primer contacto con el receptor final. Es un instrumento eficaz para identificar la marca y dejar algunos signos en este elemento que reflejen sus valores.<\/p>\n<p>3. La gesti\u00f3n de devoluciones no se improvisa, y por el volumen de ventas exige soluciones maduras. Las cifras econ\u00f3micas del comercio electr\u00f3nico no paran de crecer. Sabes que en las fechas anuales de mayor consumo es tradicional que se superen las ventas realizadas en la edici\u00f3n anterior.<\/p>\n<p>4. El embalaje debe colaborar en las operaciones de manipulaci\u00f3n o automatizaci\u00f3n del almac\u00e9n. La soluci\u00f3n que encuentres para este fin no debe descuidar esta faceta funcional de los procesos implicados en la distribuci\u00f3n.<\/p>\n<p>5. Los envases deben atender de forma diferenciada a cada canal de distribuci\u00f3n empleado y a distintas formas de presentaci\u00f3n. Es una cuesti\u00f3n importante cuando es posible dividir el producto en unidades volum\u00e9tricas menores o mayores.<\/p>\n<h2 class=\"verde\">Packing en Barcelona para reforzar imagen de marca<\/h2>\n<p>Cuando, como cliente recibes un producto, el <strong>embalaje<\/strong> supone un anticipo o fase introductoria a darle el primer uso. El impacto que causa en un consumidor es triple. Por un lado, le proporciona un medio c\u00f3modo y agradable para su transporte. Tambi\u00e9n emite mensajes a los sentidos identificativos de la marca. Los colores, las texturas y los dise\u00f1os geom\u00e9tricos nunca son aleatorios porque transmiten significados. Y, por \u00faltimo, refuerza el componente emocional que resuelve la necesidad del cliente.<\/p>\n<p>El <em>packing<\/em> en Barcelona es el que corresponde a una <strong>zona urbana bien comunicada <\/strong>y que recibe m\u00faltiples influencias de otras capitales europeas. Esto no es obst\u00e1culo para que comercio minorista tenga peculiaridades propias localizadas geogr\u00e1fica y temporalmente.<\/p>\n<p>El <em>ecommerce <\/em>difunde los mejores hallazgos en estos temas a nivel global. Este escenario globaliza e internacionaliza soluciones muy conseguidas, la competencia est\u00e1 de alg\u00fan modo forzada a no quedar atr\u00e1s en este campo del <em>marketing<\/em> aplicado a la distribuci\u00f3n<\/p>\n<h2 class=\"verde\">\u00bfC\u00f3mo elegir el mejor packing?<\/h2>\n<p>Para que elijas el <strong>mejor <em>packing<\/em><\/strong> tienes que aplicar un criterio uniforme, en consonancia con las estrategias de marca de la compa\u00f1\u00eda. Al atender las caracter\u00edsticas especiales del cat\u00e1logo de productos haces un repaso sobre las siguientes notas:<\/p>\n<p>1. <strong>Compromiso ecol\u00f3gico y sostenible<\/strong>. Es un aspecto que se ha generalizado en todos los sectores del comercio minorista. La preocupaci\u00f3n por el medio ambiente y la utilizaci\u00f3n de materiales de bajo impacto tiende a ser un principio b\u00e1sico e irrenunciable.<\/p>\n<p>2. <strong>Capacidad de personalizaci\u00f3n<\/strong>. Los envases pueden sintonizar con las preferencias del cliente para reflejar valores con los que se siente identificado. En este punto se trata de reforzar los componentes emocionales que acompa\u00f1an a la compra.<\/p>\n<p>3. <strong>Envases con un fuerte car\u00e1cter corporativo. <\/strong>Es cuando tienes una marca muy fuerte y el embalaje sirve para subrayar el origen diferenciado de los productos que protege.<\/p>\n<p>4. <strong>Aplica dise\u00f1os tomados de modelos iconogr\u00e1ficos<\/strong> que reflejan un estilo de vida o una calidad extraordinaria. Son envases especiales para productos que pretenden ser reconocidos por la calidad y cierta exclusividad de consumo.<\/p>\n<p>5. <strong>Envases que participan de un molde visual reconocible<\/strong> y con un fuerte componente emocional. Los productos que imitan los estilos <em>vintage<\/em> o inspirados en la historia de la cinematograf\u00eda `participan de esta idea de <em>marketing<\/em> para salir al mercado<\/p>\n<p>Como conclusi\u00f3n, el <a class=\"eblog\" href=\"https:\/\/esffera.com\/blog\/\" target=\"_blank\" rel=\"noopener noreferrer\"><em>packing<\/em> en Barcelona <\/a>confluye con las <strong>tendencias presentes en el comercio minorista<\/strong> de otras ciudades internacionales. Combina un concierto de intenciones orientadas a la promoci\u00f3n de las ventas. La creatividad publicitaria busca sorprender, pero sin p\u00e9rdida de las cualidades funcionales que un embalaje comercial debe poseer. Nos gustar\u00eda conocer tus impresiones sobre estos temas, en los comentarios tienes la oportunidad para expresarlas.<\/p>\n","protected":false},"excerpt":{"rendered":"<p>El packing en Barcelona contribuye al comercio electr\u00f3nico con aportaciones de distinta naturaleza. Ayuda a\u00a0proteger una mercanc\u00eda, facilitar el almacenaje, permitir la manipulaci\u00f3n y acompa\u00f1ar en el desplazamiento hasta llegar al usuario\u2026<\/p>\n","protected":false},"author":1,"featured_media":4656,"comment_status":"closed","ping_status":"closed","sticky":false,"template":"","format":"standard","meta":{"postBodyCss":"","postBodyMargin":[],"postBodyPadding":[],"postBodyBackground":{"backgroundType":"classic","gradient":""},"footnotes":""},"categories":[20],"tags":[],"class_list":["post-3463","post","type-post","status-publish","format-standard","has-post-thumbnail","hentry","category-sin-categoria-es"],"yoast_head":"<!-- This site is optimized with the Yoast SEO plugin v26.7 - https:\/\/yoast.com\/wordpress\/plugins\/seo\/ -->\n<title>El packing en Barcelona: el recurso para comenzar la experiencia<\/title>\n<meta name=\"description\" content=\"Con el packing en Barcelona, en Galyco Logistic Forwarding te explicamos qu\u00e9 representa el sector del embalaje industrial para el comercio y sus ventas\" \/>\n<meta name=\"robots\" content=\"index, follow, max-snippet:-1, max-image-preview:large, max-video-preview:-1\" \/>\n<link rel=\"canonical\" href=\"https:\/\/esffera.com\/blog\/5-claves-del-packing-en-barcelona-para-ecommerce\/\" \/>\n<meta property=\"og:locale\" content=\"es_ES\" \/>\n<meta property=\"og:type\" content=\"article\" \/>\n<meta property=\"og:title\" content=\"El packing en Barcelona: el recurso para comenzar la experiencia\" \/>\n<meta property=\"og:description\" content=\"Con el packing en Barcelona, en Galyco Logistic Forwarding te explicamos qu\u00e9 representa el sector del embalaje industrial para el comercio y sus ventas\" \/>\n<meta property=\"og:url\" content=\"https:\/\/esffera.com\/blog\/5-claves-del-packing-en-barcelona-para-ecommerce\/\" \/>\n<meta property=\"og:site_name\" content=\"Esffera Blog\" \/>\n<meta property=\"article:published_time\" content=\"2025-12-16T14:37:49+00:00\" \/>\n<meta property=\"article:modified_time\" content=\"2026-01-22T08:29:19+00:00\" \/>\n<meta property=\"og:image\" content=\"https:\/\/esffera.com\/blog\/wp-content\/uploads\/2025\/12\/BLANCO_Logotipo_ESFFERA_TRZ_OK-1-scaled.png\" \/>\n\t<meta property=\"og:image:width\" content=\"2560\" \/>\n\t<meta property=\"og:image:height\" content=\"1810\" \/>\n\t<meta property=\"og:image:type\" content=\"image\/png\" \/>\n<meta name=\"author\" content=\"admin\" \/>\n<meta name=\"twitter:card\" content=\"summary_large_image\" \/>\n<meta name=\"twitter:label1\" content=\"Escrito por\" \/>\n\t<meta name=\"twitter:data1\" content=\"admin\" \/>\n\t<meta name=\"twitter:label2\" content=\"Tiempo de lectura\" \/>\n\t<meta name=\"twitter:data2\" content=\"5 minutos\" \/>\n<script type=\"application\/ld+json\" class=\"yoast-schema-graph\">{\"@context\":\"https:\/\/schema.org\",\"@graph\":[{\"@type\":\"Article\",\"@id\":\"https:\/\/esffera.com\/blog\/5-claves-del-packing-en-barcelona-para-ecommerce\/#article\",\"isPartOf\":{\"@id\":\"https:\/\/esffera.com\/blog\/5-claves-del-packing-en-barcelona-para-ecommerce\/\"},\"author\":{\"name\":\"admin\",\"@id\":\"https:\/\/esffera.com\/blog\/#\/schema\/person\/820f06ed7bba656d2566633b2cd43c58\"},\"headline\":\"5 claves del packing en Barcelona para ecommerce\",\"datePublished\":\"2025-12-16T14:37:49+00:00\",\"dateModified\":\"2026-01-22T08:29:19+00:00\",\"mainEntityOfPage\":{\"@id\":\"https:\/\/esffera.com\/blog\/5-claves-del-packing-en-barcelona-para-ecommerce\/\"},\"wordCount\":881,\"publisher\":{\"@id\":\"https:\/\/esffera.com\/blog\/#organization\"},\"image\":{\"@id\":\"https:\/\/esffera.com\/blog\/5-claves-del-packing-en-barcelona-para-ecommerce\/#primaryimage\"},\"thumbnailUrl\":\"https:\/\/esffera.com\/blog\/wp-content\/uploads\/2025\/12\/BLANCO_Logotipo_ESFFERA_TRZ_OK-1-scaled.png\",\"inLanguage\":\"es\"},{\"@type\":\"WebPage\",\"@id\":\"https:\/\/esffera.com\/blog\/5-claves-del-packing-en-barcelona-para-ecommerce\/\",\"url\":\"https:\/\/esffera.com\/blog\/5-claves-del-packing-en-barcelona-para-ecommerce\/\",\"name\":\"El packing en Barcelona: el recurso para comenzar la experiencia\",\"isPartOf\":{\"@id\":\"https:\/\/esffera.com\/blog\/#website\"},\"primaryImageOfPage\":{\"@id\":\"https:\/\/esffera.com\/blog\/5-claves-del-packing-en-barcelona-para-ecommerce\/#primaryimage\"},\"image\":{\"@id\":\"https:\/\/esffera.com\/blog\/5-claves-del-packing-en-barcelona-para-ecommerce\/#primaryimage\"},\"thumbnailUrl\":\"https:\/\/esffera.com\/blog\/wp-content\/uploads\/2025\/12\/BLANCO_Logotipo_ESFFERA_TRZ_OK-1-scaled.png\",\"datePublished\":\"2025-12-16T14:37:49+00:00\",\"dateModified\":\"2026-01-22T08:29:19+00:00\",\"description\":\"Con el packing en Barcelona, en Galyco Logistic Forwarding te explicamos qu\u00e9 representa el sector del embalaje industrial para el comercio y sus ventas\",\"breadcrumb\":{\"@id\":\"https:\/\/esffera.com\/blog\/5-claves-del-packing-en-barcelona-para-ecommerce\/#breadcrumb\"},\"inLanguage\":\"es\",\"potentialAction\":[{\"@type\":\"ReadAction\",\"target\":[\"https:\/\/esffera.com\/blog\/5-claves-del-packing-en-barcelona-para-ecommerce\/\"]}]},{\"@type\":\"ImageObject\",\"inLanguage\":\"es\",\"@id\":\"https:\/\/esffera.com\/blog\/5-claves-del-packing-en-barcelona-para-ecommerce\/#primaryimage\",\"url\":\"https:\/\/esffera.com\/blog\/wp-content\/uploads\/2025\/12\/BLANCO_Logotipo_ESFFERA_TRZ_OK-1-scaled.png\",\"contentUrl\":\"https:\/\/esffera.com\/blog\/wp-content\/uploads\/2025\/12\/BLANCO_Logotipo_ESFFERA_TRZ_OK-1-scaled.png\",\"width\":2560,\"height\":1810},{\"@type\":\"BreadcrumbList\",\"@id\":\"https:\/\/esffera.com\/blog\/5-claves-del-packing-en-barcelona-para-ecommerce\/#breadcrumb\",\"itemListElement\":[{\"@type\":\"ListItem\",\"position\":1,\"name\":\"Portada\",\"item\":\"https:\/\/esffera.com\/blog\/\"},{\"@type\":\"ListItem\",\"position\":2,\"name\":\"5 claves del packing en Barcelona para ecommerce\"}]},{\"@type\":\"WebSite\",\"@id\":\"https:\/\/esffera.com\/blog\/#website\",\"url\":\"https:\/\/esffera.com\/blog\/\",\"name\":\"Esffera Blog\",\"description\":\"\",\"publisher\":{\"@id\":\"https:\/\/esffera.com\/blog\/#organization\"},\"potentialAction\":[{\"@type\":\"SearchAction\",\"target\":{\"@type\":\"EntryPoint\",\"urlTemplate\":\"https:\/\/esffera.com\/blog\/?s={search_term_string}\"},\"query-input\":{\"@type\":\"PropertyValueSpecification\",\"valueRequired\":true,\"valueName\":\"search_term_string\"}}],\"inLanguage\":\"es\"},{\"@type\":\"Organization\",\"@id\":\"https:\/\/esffera.com\/blog\/#organization\",\"name\":\"Esffera Blog\",\"url\":\"https:\/\/esffera.com\/blog\/\",\"logo\":{\"@type\":\"ImageObject\",\"inLanguage\":\"es\",\"@id\":\"https:\/\/esffera.com\/blog\/#\/schema\/logo\/image\/\",\"url\":\"https:\/\/esffera.com\/blog\/wp-content\/uploads\/2025\/12\/logo-esffera-negro.png\",\"contentUrl\":\"https:\/\/esffera.com\/blog\/wp-content\/uploads\/2025\/12\/logo-esffera-negro.png\",\"width\":798,\"height\":321,\"caption\":\"Esffera Blog\"},\"image\":{\"@id\":\"https:\/\/esffera.com\/blog\/#\/schema\/logo\/image\/\"},\"sameAs\":[\"https:\/\/www.tiktok.com\/@esfferatecnologistics\",\"https:\/\/www.linkedin.com\/company\/esffera-tecnologistics\",\"https:\/\/www.instagram.com\/esfferatecnologistics\/\"]},{\"@type\":\"Person\",\"@id\":\"https:\/\/esffera.com\/blog\/#\/schema\/person\/820f06ed7bba656d2566633b2cd43c58\",\"name\":\"admin\",\"image\":{\"@type\":\"ImageObject\",\"inLanguage\":\"es\",\"@id\":\"https:\/\/esffera.com\/blog\/#\/schema\/person\/image\/\",\"url\":\"https:\/\/secure.gravatar.com\/avatar\/aa0035bf7bdeb3438023d75f2e53baba3919802ff16918755455ebee6f9ddadb?s=96&d=mm&r=g\",\"contentUrl\":\"https:\/\/secure.gravatar.com\/avatar\/aa0035bf7bdeb3438023d75f2e53baba3919802ff16918755455ebee6f9ddadb?s=96&d=mm&r=g\",\"caption\":\"admin\"},\"sameAs\":[\"https:\/\/esffera.com\/blog\"],\"url\":\"https:\/\/esffera.com\/blog\/author\/esfferaadm2998\/\"}]}<\/script>\n<!-- \/ Yoast SEO plugin. -->","yoast_head_json":{"title":"El packing en Barcelona: el recurso para comenzar la experiencia","description":"Con el packing en Barcelona, en Galyco Logistic Forwarding te explicamos qu\u00e9 representa el sector del embalaje industrial para el comercio y sus ventas","robots":{"index":"index","follow":"follow","max-snippet":"max-snippet:-1","max-image-preview":"max-image-preview:large","max-video-preview":"max-video-preview:-1"},"canonical":"https:\/\/esffera.com\/blog\/5-claves-del-packing-en-barcelona-para-ecommerce\/","og_locale":"es_ES","og_type":"article","og_title":"El packing en Barcelona: el recurso para comenzar la experiencia","og_description":"Con el packing en Barcelona, en Galyco Logistic Forwarding te explicamos qu\u00e9 representa el sector del embalaje industrial para el comercio y sus ventas","og_url":"https:\/\/esffera.com\/blog\/5-claves-del-packing-en-barcelona-para-ecommerce\/","og_site_name":"Esffera Blog","article_published_time":"2025-12-16T14:37:49+00:00","article_modified_time":"2026-01-22T08:29:19+00:00","og_image":[{"width":2560,"height":1810,"url":"https:\/\/esffera.com\/blog\/wp-content\/uploads\/2025\/12\/BLANCO_Logotipo_ESFFERA_TRZ_OK-1-scaled.png","type":"image\/png"}],"author":"admin","twitter_card":"summary_large_image","twitter_misc":{"Escrito por":"admin","Tiempo de lectura":"5 minutos"},"schema":{"@context":"https:\/\/schema.org","@graph":[{"@type":"Article","@id":"https:\/\/esffera.com\/blog\/5-claves-del-packing-en-barcelona-para-ecommerce\/#article","isPartOf":{"@id":"https:\/\/esffera.com\/blog\/5-claves-del-packing-en-barcelona-para-ecommerce\/"},"author":{"name":"admin","@id":"https:\/\/esffera.com\/blog\/#\/schema\/person\/820f06ed7bba656d2566633b2cd43c58"},"headline":"5 claves del packing en Barcelona para ecommerce","datePublished":"2025-12-16T14:37:49+00:00","dateModified":"2026-01-22T08:29:19+00:00","mainEntityOfPage":{"@id":"https:\/\/esffera.com\/blog\/5-claves-del-packing-en-barcelona-para-ecommerce\/"},"wordCount":881,"publisher":{"@id":"https:\/\/esffera.com\/blog\/#organization"},"image":{"@id":"https:\/\/esffera.com\/blog\/5-claves-del-packing-en-barcelona-para-ecommerce\/#primaryimage"},"thumbnailUrl":"https:\/\/esffera.com\/blog\/wp-content\/uploads\/2025\/12\/BLANCO_Logotipo_ESFFERA_TRZ_OK-1-scaled.png","inLanguage":"es"},{"@type":"WebPage","@id":"https:\/\/esffera.com\/blog\/5-claves-del-packing-en-barcelona-para-ecommerce\/","url":"https:\/\/esffera.com\/blog\/5-claves-del-packing-en-barcelona-para-ecommerce\/","name":"El packing en Barcelona: el recurso para comenzar la experiencia","isPartOf":{"@id":"https:\/\/esffera.com\/blog\/#website"},"primaryImageOfPage":{"@id":"https:\/\/esffera.com\/blog\/5-claves-del-packing-en-barcelona-para-ecommerce\/#primaryimage"},"image":{"@id":"https:\/\/esffera.com\/blog\/5-claves-del-packing-en-barcelona-para-ecommerce\/#primaryimage"},"thumbnailUrl":"https:\/\/esffera.com\/blog\/wp-content\/uploads\/2025\/12\/BLANCO_Logotipo_ESFFERA_TRZ_OK-1-scaled.png","datePublished":"2025-12-16T14:37:49+00:00","dateModified":"2026-01-22T08:29:19+00:00","description":"Con el packing en Barcelona, en Galyco Logistic Forwarding te explicamos qu\u00e9 representa el sector del embalaje industrial para el comercio y sus ventas","breadcrumb":{"@id":"https:\/\/esffera.com\/blog\/5-claves-del-packing-en-barcelona-para-ecommerce\/#breadcrumb"},"inLanguage":"es","potentialAction":[{"@type":"ReadAction","target":["https:\/\/esffera.com\/blog\/5-claves-del-packing-en-barcelona-para-ecommerce\/"]}]},{"@type":"ImageObject","inLanguage":"es","@id":"https:\/\/esffera.com\/blog\/5-claves-del-packing-en-barcelona-para-ecommerce\/#primaryimage","url":"https:\/\/esffera.com\/blog\/wp-content\/uploads\/2025\/12\/BLANCO_Logotipo_ESFFERA_TRZ_OK-1-scaled.png","contentUrl":"https:\/\/esffera.com\/blog\/wp-content\/uploads\/2025\/12\/BLANCO_Logotipo_ESFFERA_TRZ_OK-1-scaled.png","width":2560,"height":1810},{"@type":"BreadcrumbList","@id":"https:\/\/esffera.com\/blog\/5-claves-del-packing-en-barcelona-para-ecommerce\/#breadcrumb","itemListElement":[{"@type":"ListItem","position":1,"name":"Portada","item":"https:\/\/esffera.com\/blog\/"},{"@type":"ListItem","position":2,"name":"5 claves del packing en Barcelona para ecommerce"}]},{"@type":"WebSite","@id":"https:\/\/esffera.com\/blog\/#website","url":"https:\/\/esffera.com\/blog\/","name":"Esffera Blog","description":"","publisher":{"@id":"https:\/\/esffera.com\/blog\/#organization"},"potentialAction":[{"@type":"SearchAction","target":{"@type":"EntryPoint","urlTemplate":"https:\/\/esffera.com\/blog\/?s={search_term_string}"},"query-input":{"@type":"PropertyValueSpecification","valueRequired":true,"valueName":"search_term_string"}}],"inLanguage":"es"},{"@type":"Organization","@id":"https:\/\/esffera.com\/blog\/#organization","name":"Esffera Blog","url":"https:\/\/esffera.com\/blog\/","logo":{"@type":"ImageObject","inLanguage":"es","@id":"https:\/\/esffera.com\/blog\/#\/schema\/logo\/image\/","url":"https:\/\/esffera.com\/blog\/wp-content\/uploads\/2025\/12\/logo-esffera-negro.png","contentUrl":"https:\/\/esffera.com\/blog\/wp-content\/uploads\/2025\/12\/logo-esffera-negro.png","width":798,"height":321,"caption":"Esffera Blog"},"image":{"@id":"https:\/\/esffera.com\/blog\/#\/schema\/logo\/image\/"},"sameAs":["https:\/\/www.tiktok.com\/@esfferatecnologistics","https:\/\/www.linkedin.com\/company\/esffera-tecnologistics","https:\/\/www.instagram.com\/esfferatecnologistics\/"]},{"@type":"Person","@id":"https:\/\/esffera.com\/blog\/#\/schema\/person\/820f06ed7bba656d2566633b2cd43c58","name":"admin","image":{"@type":"ImageObject","inLanguage":"es","@id":"https:\/\/esffera.com\/blog\/#\/schema\/person\/image\/","url":"https:\/\/secure.gravatar.com\/avatar\/aa0035bf7bdeb3438023d75f2e53baba3919802ff16918755455ebee6f9ddadb?s=96&d=mm&r=g","contentUrl":"https:\/\/secure.gravatar.com\/avatar\/aa0035bf7bdeb3438023d75f2e53baba3919802ff16918755455ebee6f9ddadb?s=96&d=mm&r=g","caption":"admin"},"sameAs":["https:\/\/esffera.com\/blog"],"url":"https:\/\/esffera.com\/blog\/author\/esfferaadm2998\/"}]}},"_links":{"self":[{"href":"https:\/\/esffera.com\/blog\/wp-json\/wp\/v2\/posts\/3463","targetHints":{"allow":["GET"]}}],"collection":[{"href":"https:\/\/esffera.com\/blog\/wp-json\/wp\/v2\/posts"}],"about":[{"href":"https:\/\/esffera.com\/blog\/wp-json\/wp\/v2\/types\/post"}],"author":[{"embeddable":true,"href":"https:\/\/esffera.com\/blog\/wp-json\/wp\/v2\/users\/1"}],"replies":[{"embeddable":true,"href":"https:\/\/esffera.com\/blog\/wp-json\/wp\/v2\/comments?post=3463"}],"version-history":[{"count":4,"href":"https:\/\/esffera.com\/blog\/wp-json\/wp\/v2\/posts\/3463\/revisions"}],"predecessor-version":[{"id":4657,"href":"https:\/\/esffera.com\/blog\/wp-json\/wp\/v2\/posts\/3463\/revisions\/4657"}],"wp:featuredmedia":[{"embeddable":true,"href":"https:\/\/esffera.com\/blog\/wp-json\/wp\/v2\/media\/4656"}],"wp:attachment":[{"href":"https:\/\/esffera.com\/blog\/wp-json\/wp\/v2\/media?parent=3463"}],"wp:term":[{"taxonomy":"category","embeddable":true,"href":"https:\/\/esffera.com\/blog\/wp-json\/wp\/v2\/categories?post=3463"},{"taxonomy":"post_tag","embeddable":true,"href":"https:\/\/esffera.com\/blog\/wp-json\/wp\/v2\/tags?post=3463"}],"curies":[{"name":"wp","href":"https:\/\/api.w.org\/{rel}","templated":true}]}}