{"id":3506,"date":"2025-12-16T14:37:49","date_gmt":"2025-12-16T14:37:49","guid":{"rendered":"https:\/\/www.galyco.com\/?p=3461"},"modified":"2026-01-13T15:51:45","modified_gmt":"2026-01-13T15:51:45","slug":"par-ce-besoin-soin-le-logistique-inverse-dans-votre-ecommerce","status":"publish","type":"post","link":"https:\/\/esffera.com\/blog\/fr\/par-ce-besoin-soin-le-logistique-inverse-dans-votre-ecommerce\/","title":{"rendered":"Pourquoi devez-vous vous occuper de la logistique inverse dans votre e-commerce ?"},"content":{"rendered":"<p>La<strong> logistique inver<\/strong>s\u00e9e appara\u00eet souvent dans les m\u00e9dias sp\u00e9cialis\u00e9s de distribution industrielle. Les projets num\u00e9riques bas\u00e9s sur les m\u00e9dias n\u00e9cessitent cette activit\u00e9 dans leur progression quotidienne. Il se produit lorsque vous offrez un service commercial qui a mis l&#8217;accent sur la satisfaction des pr\u00e9f\u00e9rences des consommateurs.<\/p>\n<h2>Qu&#8217;est-ce que la logistique inverse?<\/h2>\n<p>La logistique invers\u00e9e traite des exigences li\u00e9es au mouvement des marchandises, mais d&#8217;un changement de direction. Autrement dit, si le sens naturel de la distribution va du fabricant au client, ici nous voyons un virage de 180 degr\u00e9s.<\/p>\n<p>Les raisons de ce retour au point de d\u00e9part montrent une grande diversit\u00e9 de causes. Toutefois, ils peuvent \u00eatre regroup\u00e9s en deux grandes cat\u00e9gories :<\/p>\n<p>1. <strong>La gestion des retours par <\/strong>les conditions \u00e9tablies lors de l&#8217;achat ou par les circonstances qui se sont produits. Ce groupe a un impact tr\u00e8s important sur l&#8217;\u00e9valuation subs\u00e9quente de l&#8217;achat. Lorsque vous gardez vos clients, vous \u00e9conomisez des investissements ult\u00e9rieurs pour renouveler l&#8217;engagement. Vous n&#8217;avez pas d&#8217;autre choix que d&#8217;\u00eatre prudent sur cette question.<\/p>\n<p>2. La<strong> responsabilit\u00e9 sociale des entreprise<\/strong>s, qui les encourage \u00e0 participer au recyclage ou au traitement des mat\u00e9riaux apr\u00e8s la fin de leur vie utile. La collecte s\u00e9lective d&#8217;\u00e9l\u00e9ments constitutifs hors usage repr\u00e9sente une activit\u00e9 moins li\u00e9e au commerce \u00e9lectronique. Cependant, il correspond \u00e0 l&#8217;e-com<em>merce dans<\/em> l&#8217;application de la logistique inverse. Les produits technologiques, par exemple, en ayant des mat\u00e9riaux tr\u00e8s polluants et utilisables sont des candidats privil\u00e9gi\u00e9s pour cette cat\u00e9gorie.<\/p>\n<p>Les entreprises s&#8217;attendent \u00e0 ce q<strong>ue les services logistique<\/strong>s, pr\u00e9par\u00e9s pour le c<em><strong>ommerce \u00e9le<\/strong><\/em>ctronique, consid\u00e8rent cette modalit\u00e9 de leurs agendas comme une comp\u00e9tition de base. Bien s\u00fbr, ce sera une fa\u00e7on de distinguer et de r\u00e9affirmer la qualit\u00e9 de vos offres contre la concurrence.<\/p>\n<h2>Service \u00e0 la client\u00e8le, priorit\u00e9 du commerce \u00e9<em>lectronique<\/em><\/h2>\n<p>Le commerce \u00e9lectronique va de pair avec un ensemble d&#8217;exp\u00e9riences qui gagnent votre volont\u00e9 lorsque vous les confrontez \u00e0 celles produites dans les magasins physiques. En m\u00eame temps, vous pouvez trouver difficile de terminer l&#8217;achat sans la pr\u00e9sence des marchandises achet\u00e9es. Avec l&#8217;exp\u00e9dition<strong> d&#8217;un produit du client au distributeu<\/strong>r commence la r\u00e9solution d&#8217;un incident qui serait autrement impossible.<\/p>\n<p>Pour la promotion de la vente e<em>n ligne<\/em>, une normalisation de l&#8217;utilisation de ce canal est \u00e9l\u00e9mentaire et qu&#8217;il est enregistr\u00e9 en m\u00e9moire. La <strong>communicatio<\/strong>n, par diff\u00e9rents moyens, et <strong>une bonne attention apr\u00e8s-<\/strong>vente assurent cet environnement de vente dynamique. La logistique inverse est impliqu\u00e9e dans l&#8217;\u00e9tablissement d&#8217;un pont entre un projet commercial et le client, quel que soit le lieu d&#8217;achat.<\/p>\n<p>Lorsqu&#8217;une vente a lieu, les conditions pour le retour des produits sont toujours sur le bord de l&#8217;\u00e9quilibre. Les marchandises devront correspondre aux attentes cr\u00e9\u00e9es par l&#8217;information et la description fournies par l&#8217;\u00e9cran de l&#8217;appareil.<\/p>\n<p>Les garanties offertes et le prix sont des pi\u00e8ces essentielles pour mettre fin \u00e0 la transaction en ligne. De nombreux achats sont abandonn\u00e9s dans la derni\u00e8re phase par quelques d\u00e9tails mineurs qui emp\u00eache, pour le client, de prendre la derni\u00e8re \u00e9tape de l&#8217;achat sur le web.<\/p>\n<h2>La logistique invers\u00e9e, indispensable dans les magasins e<em>n ligne<\/em><\/h2>\n<p>Au <a href=\"https:\/\/www.comercio.gob.es\/es-ES\/PDF\/DIAGNO%CC%81STICO.V.1.pdf\" target=\"_blank\" rel=\"noopener noreferrer\">cours des derni\u00e8re<\/a>s ann\u00e9es, le commerce de d\u00e9tail a connu une expansion gr\u00e2ce aux magasins en<em> ligne<\/em>. Une grande partie du dynamisme du secteur est venue des nouvelles tendances dans la fa\u00e7on dont il informe et consomme. La concurrence dans ce nouveau m\u00e9dia est d\u00e9termin\u00e9e par la relation entre qualit\u00e9 et prix. Mais d&#8217;autres facteurs sont \u00e9galement trouv\u00e9s.<\/p>\n<p>Une variable importante est la capacit\u00e9 de chaque entreprise \u00e0 r\u00e9soudre les incidents de derni\u00e8re minute. Gr\u00e2ce \u00e0 un service \u00e0 la client\u00e8le personnalis\u00e9 bon, rapide et confortable, il augmente la valeur de la marque. Les clients deviennent des promoteurs d&#8217;offres tout en r\u00e9p\u00e9tant avec plus d&#8217;achats en ligne.<\/p>\n<p>La logistique invers\u00e9e contribue \u00e0 la croissance d&#8217;une boutique<em> en li<\/em>gne de la mani\u00e8re suivante :<\/p>\n<p>1. Un bon service \u00e9limine les complications du processus d&#8217;achat, car avec la gestion r\u00e9ussie des retours d&#8217;autres probl\u00e8mes sont abord\u00e9s.<\/p>\n<p>2. Il favoris<strong>e des attitudes plus ouvertes et suscite l&#8217;int\u00e9r\u00eat pour l&#8217;exp\u00e9rimentatio<\/strong>n.<\/p>\n<p>3. <strong>Diminue le sentiment subjectif de prix \u00e9lev\u00e9<\/strong>. Les produits de l&#8217;entreprise ne sont pas appr\u00e9ci\u00e9s comme des produits risqu\u00e9s.<\/p>\n<p>4. C&#8217;est un signe de l&#8217;engagement d<strong>e l&#8217;entreprise envers les clients et du s\u00e9rieux av<\/strong>ec lequel ils sont fournis avec le service commercial.<\/p>\n<p>5. <strong>R\u00e9duit les temp<\/strong>s de d\u00e9pannage.<\/p>\n<p>6. C&#8217;e<strong>st un point favorable pour l&#8217;entreprise de d\u00e9montrer une capacit\u00e9 op\u00e9ra<\/strong>tionnelle au-del\u00e0 des limites du support num\u00e9rique.<\/p>\n<p>7. <strong>\u00c9vitez les mauvaises r\u00e9acti<\/strong>ons sur les incidences statistiquement in\u00e9vitables. Le prestige doit \u00eatre ciment\u00e9 par l&#8217;int\u00e9grit\u00e9 et l&#8217;engagement. Pour chacune des ventes effectu\u00e9es, oubliez tous les calculs qui ignorent les int\u00e9r\u00eats du client. Cette bonne harmonie est per\u00e7ue et diffus\u00e9e dans le m\u00eame support num\u00e9rique par les r\u00e9seaux sociaux.<\/p>\n<p>En bref, la logistiqu<a href=\"https:\/\/esffera.com\/blog\/\" target=\"_blank\" rel=\"noopener noreferrer\">e invers\u00e9e \u00e9lar<\/a>git la capacit\u00e9 commerciale des projets d\u00e9velopp\u00e9s sur Internet. Il leur donne un support de gestion indispensable pour<strong> une bonne image de marqu<\/strong>e. Nous aimerions conna\u00eetre vos impressions sur ce sujet, vous avez l&#8217;occasion de les exprimer dans les commentaires.<\/p>\n<p><img fetchpriority=\"high\" decoding=\"async\" class=\"wp-image-4407 aligncenter\" src=\"https:\/\/esffera.com\/blog\/wp-content\/uploads\/2025\/12\/ecommerce-3124413_960_720-300x169.png\" alt=\"\" width=\"673\" height=\"379\" srcset=\"https:\/\/esffera.com\/blog\/wp-content\/uploads\/2025\/12\/ecommerce-3124413_960_720-300x169.png 300w, https:\/\/esffera.com\/blog\/wp-content\/uploads\/2025\/12\/ecommerce-3124413_960_720-768x432.png 768w, https:\/\/esffera.com\/blog\/wp-content\/uploads\/2025\/12\/ecommerce-3124413_960_720.png 960w\" sizes=\"(max-width: 673px) 100vw, 673px\" \/><\/p>\n","protected":false},"excerpt":{"rendered":"<p>La logistique invers\u00e9e appara\u00eet souvent dans les m\u00e9dias sp\u00e9cialis\u00e9s de distribution industrielle. Les projets num\u00e9riques bas\u00e9s sur les m\u00e9dias n\u00e9cessitent cette activit\u00e9 dans leur progression quotidienne. Il se produit lorsque vous offrez\u2026<\/p>\n","protected":false},"author":1,"featured_media":4407,"comment_status":"closed","ping_status":"closed","sticky":false,"template":"","format":"standard","meta":{"postBodyCss":"","postBodyMargin":[],"postBodyPadding":[],"postBodyBackground":{"backgroundType":"classic","gradient":""},"footnotes":""},"categories":[10],"tags":[],"class_list":["post-3506","post","type-post","status-publish","format-standard","has-post-thumbnail","hentry","category-sin-categoria-fr"],"yoast_head":"<!-- This site is optimized with the Yoast SEO plugin v26.7 - https:\/\/yoast.com\/wordpress\/plugins\/seo\/ -->\n<title>Pourquoi devez-vous vous occuper de la logistique inverse dans votre e-commerce ? - Esffera Blog<\/title>\n<meta name=\"robots\" content=\"index, follow, max-snippet:-1, max-image-preview:large, max-video-preview:-1\" \/>\n<link rel=\"canonical\" href=\"https:\/\/esffera.com\/blog\/fr\/par-ce-besoin-soin-le-logistique-inverse-dans-votre-ecommerce\/\" \/>\n<meta property=\"og:locale\" content=\"es_ES\" \/>\n<meta property=\"og:type\" content=\"article\" \/>\n<meta property=\"og:title\" content=\"Pourquoi devez-vous vous occuper de la logistique inverse dans votre e-commerce ? - Esffera Blog\" \/>\n<meta property=\"og:description\" content=\"La logistique invers\u00e9e appara\u00eet souvent dans les m\u00e9dias sp\u00e9cialis\u00e9s de distribution industrielle. Les projets num\u00e9riques bas\u00e9s sur les m\u00e9dias n\u00e9cessitent cette activit\u00e9 dans leur progression quotidienne. Il se produit lorsque vous offrez\u2026\" \/>\n<meta property=\"og:url\" content=\"https:\/\/esffera.com\/blog\/fr\/par-ce-besoin-soin-le-logistique-inverse-dans-votre-ecommerce\/\" \/>\n<meta property=\"og:site_name\" content=\"Esffera Blog\" \/>\n<meta property=\"article:published_time\" content=\"2025-12-16T14:37:49+00:00\" \/>\n<meta property=\"article:modified_time\" content=\"2026-01-13T15:51:45+00:00\" \/>\n<meta property=\"og:image\" content=\"https:\/\/esffera.com\/blog\/wp-content\/uploads\/2025\/12\/ecommerce-3124413_960_720.png\" \/>\n\t<meta property=\"og:image:width\" content=\"960\" \/>\n\t<meta property=\"og:image:height\" content=\"540\" \/>\n\t<meta property=\"og:image:type\" content=\"image\/png\" \/>\n<meta name=\"author\" content=\"admin\" \/>\n<meta name=\"twitter:card\" content=\"summary_large_image\" \/>\n<meta name=\"twitter:label1\" content=\"Escrito por\" \/>\n\t<meta name=\"twitter:data1\" content=\"admin\" \/>\n\t<meta name=\"twitter:label2\" content=\"Tiempo de lectura\" \/>\n\t<meta name=\"twitter:data2\" content=\"5 minutos\" \/>\n<script type=\"application\/ld+json\" class=\"yoast-schema-graph\">{\"@context\":\"https:\/\/schema.org\",\"@graph\":[{\"@type\":\"Article\",\"@id\":\"https:\/\/esffera.com\/blog\/fr\/par-ce-besoin-soin-le-logistique-inverse-dans-votre-ecommerce\/#article\",\"isPartOf\":{\"@id\":\"https:\/\/esffera.com\/blog\/fr\/par-ce-besoin-soin-le-logistique-inverse-dans-votre-ecommerce\/\"},\"author\":{\"name\":\"admin\",\"@id\":\"https:\/\/esffera.com\/blog\/#\/schema\/person\/820f06ed7bba656d2566633b2cd43c58\"},\"headline\":\"Pourquoi devez-vous vous occuper de la logistique inverse dans votre e-commerce ?\",\"datePublished\":\"2025-12-16T14:37:49+00:00\",\"dateModified\":\"2026-01-13T15:51:45+00:00\",\"mainEntityOfPage\":{\"@id\":\"https:\/\/esffera.com\/blog\/fr\/par-ce-besoin-soin-le-logistique-inverse-dans-votre-ecommerce\/\"},\"wordCount\":964,\"publisher\":{\"@id\":\"https:\/\/esffera.com\/blog\/#organization\"},\"image\":{\"@id\":\"https:\/\/esffera.com\/blog\/fr\/par-ce-besoin-soin-le-logistique-inverse-dans-votre-ecommerce\/#primaryimage\"},\"thumbnailUrl\":\"https:\/\/esffera.com\/blog\/wp-content\/uploads\/2025\/12\/ecommerce-3124413_960_720.png\",\"inLanguage\":\"es\"},{\"@type\":\"WebPage\",\"@id\":\"https:\/\/esffera.com\/blog\/fr\/par-ce-besoin-soin-le-logistique-inverse-dans-votre-ecommerce\/\",\"url\":\"https:\/\/esffera.com\/blog\/fr\/par-ce-besoin-soin-le-logistique-inverse-dans-votre-ecommerce\/\",\"name\":\"Pourquoi devez-vous vous occuper de la logistique inverse dans votre e-commerce ? - Esffera Blog\",\"isPartOf\":{\"@id\":\"https:\/\/esffera.com\/blog\/#website\"},\"primaryImageOfPage\":{\"@id\":\"https:\/\/esffera.com\/blog\/fr\/par-ce-besoin-soin-le-logistique-inverse-dans-votre-ecommerce\/#primaryimage\"},\"image\":{\"@id\":\"https:\/\/esffera.com\/blog\/fr\/par-ce-besoin-soin-le-logistique-inverse-dans-votre-ecommerce\/#primaryimage\"},\"thumbnailUrl\":\"https:\/\/esffera.com\/blog\/wp-content\/uploads\/2025\/12\/ecommerce-3124413_960_720.png\",\"datePublished\":\"2025-12-16T14:37:49+00:00\",\"dateModified\":\"2026-01-13T15:51:45+00:00\",\"breadcrumb\":{\"@id\":\"https:\/\/esffera.com\/blog\/fr\/par-ce-besoin-soin-le-logistique-inverse-dans-votre-ecommerce\/#breadcrumb\"},\"inLanguage\":\"es\",\"potentialAction\":[{\"@type\":\"ReadAction\",\"target\":[\"https:\/\/esffera.com\/blog\/fr\/par-ce-besoin-soin-le-logistique-inverse-dans-votre-ecommerce\/\"]}]},{\"@type\":\"ImageObject\",\"inLanguage\":\"es\",\"@id\":\"https:\/\/esffera.com\/blog\/fr\/par-ce-besoin-soin-le-logistique-inverse-dans-votre-ecommerce\/#primaryimage\",\"url\":\"https:\/\/esffera.com\/blog\/wp-content\/uploads\/2025\/12\/ecommerce-3124413_960_720.png\",\"contentUrl\":\"https:\/\/esffera.com\/blog\/wp-content\/uploads\/2025\/12\/ecommerce-3124413_960_720.png\",\"width\":960,\"height\":540},{\"@type\":\"BreadcrumbList\",\"@id\":\"https:\/\/esffera.com\/blog\/fr\/par-ce-besoin-soin-le-logistique-inverse-dans-votre-ecommerce\/#breadcrumb\",\"itemListElement\":[{\"@type\":\"ListItem\",\"position\":1,\"name\":\"Portada\",\"item\":\"https:\/\/esffera.com\/blog\/\"},{\"@type\":\"ListItem\",\"position\":2,\"name\":\"Pourquoi devez-vous vous occuper de la logistique inverse dans votre e-commerce ?\"}]},{\"@type\":\"WebSite\",\"@id\":\"https:\/\/esffera.com\/blog\/#website\",\"url\":\"https:\/\/esffera.com\/blog\/\",\"name\":\"Esffera Blog\",\"description\":\"\",\"publisher\":{\"@id\":\"https:\/\/esffera.com\/blog\/#organization\"},\"potentialAction\":[{\"@type\":\"SearchAction\",\"target\":{\"@type\":\"EntryPoint\",\"urlTemplate\":\"https:\/\/esffera.com\/blog\/?s={search_term_string}\"},\"query-input\":{\"@type\":\"PropertyValueSpecification\",\"valueRequired\":true,\"valueName\":\"search_term_string\"}}],\"inLanguage\":\"es\"},{\"@type\":\"Organization\",\"@id\":\"https:\/\/esffera.com\/blog\/#organization\",\"name\":\"Esffera Blog\",\"url\":\"https:\/\/esffera.com\/blog\/\",\"logo\":{\"@type\":\"ImageObject\",\"inLanguage\":\"es\",\"@id\":\"https:\/\/esffera.com\/blog\/#\/schema\/logo\/image\/\",\"url\":\"https:\/\/esffera.com\/blog\/wp-content\/uploads\/2025\/12\/logo-esffera-negro.png\",\"contentUrl\":\"https:\/\/esffera.com\/blog\/wp-content\/uploads\/2025\/12\/logo-esffera-negro.png\",\"width\":798,\"height\":321,\"caption\":\"Esffera Blog\"},\"image\":{\"@id\":\"https:\/\/esffera.com\/blog\/#\/schema\/logo\/image\/\"},\"sameAs\":[\"https:\/\/www.tiktok.com\/@esfferatecnologistics\",\"https:\/\/www.linkedin.com\/company\/esffera-tecnologistics\",\"https:\/\/www.instagram.com\/esfferatecnologistics\/\"]},{\"@type\":\"Person\",\"@id\":\"https:\/\/esffera.com\/blog\/#\/schema\/person\/820f06ed7bba656d2566633b2cd43c58\",\"name\":\"admin\",\"image\":{\"@type\":\"ImageObject\",\"inLanguage\":\"es\",\"@id\":\"https:\/\/esffera.com\/blog\/#\/schema\/person\/image\/\",\"url\":\"https:\/\/secure.gravatar.com\/avatar\/aa0035bf7bdeb3438023d75f2e53baba3919802ff16918755455ebee6f9ddadb?s=96&d=mm&r=g\",\"contentUrl\":\"https:\/\/secure.gravatar.com\/avatar\/aa0035bf7bdeb3438023d75f2e53baba3919802ff16918755455ebee6f9ddadb?s=96&d=mm&r=g\",\"caption\":\"admin\"},\"sameAs\":[\"https:\/\/esffera.com\/blog\"],\"url\":\"https:\/\/esffera.com\/blog\/author\/esfferaadm2998\/\"}]}<\/script>\n<!-- \/ Yoast SEO plugin. -->","yoast_head_json":{"title":"Pourquoi devez-vous vous occuper de la logistique inverse dans votre e-commerce ? - Esffera Blog","robots":{"index":"index","follow":"follow","max-snippet":"max-snippet:-1","max-image-preview":"max-image-preview:large","max-video-preview":"max-video-preview:-1"},"canonical":"https:\/\/esffera.com\/blog\/fr\/par-ce-besoin-soin-le-logistique-inverse-dans-votre-ecommerce\/","og_locale":"es_ES","og_type":"article","og_title":"Pourquoi devez-vous vous occuper de la logistique inverse dans votre e-commerce ? - Esffera Blog","og_description":"La logistique invers\u00e9e appara\u00eet souvent dans les m\u00e9dias sp\u00e9cialis\u00e9s de distribution industrielle. Les projets num\u00e9riques bas\u00e9s sur les m\u00e9dias n\u00e9cessitent cette activit\u00e9 dans leur progression quotidienne. Il se produit lorsque vous offrez\u2026","og_url":"https:\/\/esffera.com\/blog\/fr\/par-ce-besoin-soin-le-logistique-inverse-dans-votre-ecommerce\/","og_site_name":"Esffera Blog","article_published_time":"2025-12-16T14:37:49+00:00","article_modified_time":"2026-01-13T15:51:45+00:00","og_image":[{"width":960,"height":540,"url":"https:\/\/esffera.com\/blog\/wp-content\/uploads\/2025\/12\/ecommerce-3124413_960_720.png","type":"image\/png"}],"author":"admin","twitter_card":"summary_large_image","twitter_misc":{"Escrito por":"admin","Tiempo de lectura":"5 minutos"},"schema":{"@context":"https:\/\/schema.org","@graph":[{"@type":"Article","@id":"https:\/\/esffera.com\/blog\/fr\/par-ce-besoin-soin-le-logistique-inverse-dans-votre-ecommerce\/#article","isPartOf":{"@id":"https:\/\/esffera.com\/blog\/fr\/par-ce-besoin-soin-le-logistique-inverse-dans-votre-ecommerce\/"},"author":{"name":"admin","@id":"https:\/\/esffera.com\/blog\/#\/schema\/person\/820f06ed7bba656d2566633b2cd43c58"},"headline":"Pourquoi devez-vous vous occuper de la logistique inverse dans votre e-commerce ?","datePublished":"2025-12-16T14:37:49+00:00","dateModified":"2026-01-13T15:51:45+00:00","mainEntityOfPage":{"@id":"https:\/\/esffera.com\/blog\/fr\/par-ce-besoin-soin-le-logistique-inverse-dans-votre-ecommerce\/"},"wordCount":964,"publisher":{"@id":"https:\/\/esffera.com\/blog\/#organization"},"image":{"@id":"https:\/\/esffera.com\/blog\/fr\/par-ce-besoin-soin-le-logistique-inverse-dans-votre-ecommerce\/#primaryimage"},"thumbnailUrl":"https:\/\/esffera.com\/blog\/wp-content\/uploads\/2025\/12\/ecommerce-3124413_960_720.png","inLanguage":"es"},{"@type":"WebPage","@id":"https:\/\/esffera.com\/blog\/fr\/par-ce-besoin-soin-le-logistique-inverse-dans-votre-ecommerce\/","url":"https:\/\/esffera.com\/blog\/fr\/par-ce-besoin-soin-le-logistique-inverse-dans-votre-ecommerce\/","name":"Pourquoi devez-vous vous occuper de la logistique inverse dans votre e-commerce ? - Esffera Blog","isPartOf":{"@id":"https:\/\/esffera.com\/blog\/#website"},"primaryImageOfPage":{"@id":"https:\/\/esffera.com\/blog\/fr\/par-ce-besoin-soin-le-logistique-inverse-dans-votre-ecommerce\/#primaryimage"},"image":{"@id":"https:\/\/esffera.com\/blog\/fr\/par-ce-besoin-soin-le-logistique-inverse-dans-votre-ecommerce\/#primaryimage"},"thumbnailUrl":"https:\/\/esffera.com\/blog\/wp-content\/uploads\/2025\/12\/ecommerce-3124413_960_720.png","datePublished":"2025-12-16T14:37:49+00:00","dateModified":"2026-01-13T15:51:45+00:00","breadcrumb":{"@id":"https:\/\/esffera.com\/blog\/fr\/par-ce-besoin-soin-le-logistique-inverse-dans-votre-ecommerce\/#breadcrumb"},"inLanguage":"es","potentialAction":[{"@type":"ReadAction","target":["https:\/\/esffera.com\/blog\/fr\/par-ce-besoin-soin-le-logistique-inverse-dans-votre-ecommerce\/"]}]},{"@type":"ImageObject","inLanguage":"es","@id":"https:\/\/esffera.com\/blog\/fr\/par-ce-besoin-soin-le-logistique-inverse-dans-votre-ecommerce\/#primaryimage","url":"https:\/\/esffera.com\/blog\/wp-content\/uploads\/2025\/12\/ecommerce-3124413_960_720.png","contentUrl":"https:\/\/esffera.com\/blog\/wp-content\/uploads\/2025\/12\/ecommerce-3124413_960_720.png","width":960,"height":540},{"@type":"BreadcrumbList","@id":"https:\/\/esffera.com\/blog\/fr\/par-ce-besoin-soin-le-logistique-inverse-dans-votre-ecommerce\/#breadcrumb","itemListElement":[{"@type":"ListItem","position":1,"name":"Portada","item":"https:\/\/esffera.com\/blog\/"},{"@type":"ListItem","position":2,"name":"Pourquoi devez-vous vous occuper de la logistique inverse dans votre e-commerce ?"}]},{"@type":"WebSite","@id":"https:\/\/esffera.com\/blog\/#website","url":"https:\/\/esffera.com\/blog\/","name":"Esffera Blog","description":"","publisher":{"@id":"https:\/\/esffera.com\/blog\/#organization"},"potentialAction":[{"@type":"SearchAction","target":{"@type":"EntryPoint","urlTemplate":"https:\/\/esffera.com\/blog\/?s={search_term_string}"},"query-input":{"@type":"PropertyValueSpecification","valueRequired":true,"valueName":"search_term_string"}}],"inLanguage":"es"},{"@type":"Organization","@id":"https:\/\/esffera.com\/blog\/#organization","name":"Esffera Blog","url":"https:\/\/esffera.com\/blog\/","logo":{"@type":"ImageObject","inLanguage":"es","@id":"https:\/\/esffera.com\/blog\/#\/schema\/logo\/image\/","url":"https:\/\/esffera.com\/blog\/wp-content\/uploads\/2025\/12\/logo-esffera-negro.png","contentUrl":"https:\/\/esffera.com\/blog\/wp-content\/uploads\/2025\/12\/logo-esffera-negro.png","width":798,"height":321,"caption":"Esffera Blog"},"image":{"@id":"https:\/\/esffera.com\/blog\/#\/schema\/logo\/image\/"},"sameAs":["https:\/\/www.tiktok.com\/@esfferatecnologistics","https:\/\/www.linkedin.com\/company\/esffera-tecnologistics","https:\/\/www.instagram.com\/esfferatecnologistics\/"]},{"@type":"Person","@id":"https:\/\/esffera.com\/blog\/#\/schema\/person\/820f06ed7bba656d2566633b2cd43c58","name":"admin","image":{"@type":"ImageObject","inLanguage":"es","@id":"https:\/\/esffera.com\/blog\/#\/schema\/person\/image\/","url":"https:\/\/secure.gravatar.com\/avatar\/aa0035bf7bdeb3438023d75f2e53baba3919802ff16918755455ebee6f9ddadb?s=96&d=mm&r=g","contentUrl":"https:\/\/secure.gravatar.com\/avatar\/aa0035bf7bdeb3438023d75f2e53baba3919802ff16918755455ebee6f9ddadb?s=96&d=mm&r=g","caption":"admin"},"sameAs":["https:\/\/esffera.com\/blog"],"url":"https:\/\/esffera.com\/blog\/author\/esfferaadm2998\/"}]}},"_links":{"self":[{"href":"https:\/\/esffera.com\/blog\/wp-json\/wp\/v2\/posts\/3506","targetHints":{"allow":["GET"]}}],"collection":[{"href":"https:\/\/esffera.com\/blog\/wp-json\/wp\/v2\/posts"}],"about":[{"href":"https:\/\/esffera.com\/blog\/wp-json\/wp\/v2\/types\/post"}],"author":[{"embeddable":true,"href":"https:\/\/esffera.com\/blog\/wp-json\/wp\/v2\/users\/1"}],"replies":[{"embeddable":true,"href":"https:\/\/esffera.com\/blog\/wp-json\/wp\/v2\/comments?post=3506"}],"version-history":[{"count":2,"href":"https:\/\/esffera.com\/blog\/wp-json\/wp\/v2\/posts\/3506\/revisions"}],"predecessor-version":[{"id":4572,"href":"https:\/\/esffera.com\/blog\/wp-json\/wp\/v2\/posts\/3506\/revisions\/4572"}],"wp:featuredmedia":[{"embeddable":true,"href":"https:\/\/esffera.com\/blog\/wp-json\/wp\/v2\/media\/4407"}],"wp:attachment":[{"href":"https:\/\/esffera.com\/blog\/wp-json\/wp\/v2\/media?parent=3506"}],"wp:term":[{"taxonomy":"category","embeddable":true,"href":"https:\/\/esffera.com\/blog\/wp-json\/wp\/v2\/categories?post=3506"},{"taxonomy":"post_tag","embeddable":true,"href":"https:\/\/esffera.com\/blog\/wp-json\/wp\/v2\/tags?post=3506"}],"curies":[{"name":"wp","href":"https:\/\/api.w.org\/{rel}","templated":true}]}}