{"id":3508,"date":"2025-12-16T14:37:49","date_gmt":"2025-12-16T14:37:49","guid":{"rendered":"https:\/\/www.galyco.com\/?p=3463"},"modified":"2026-01-13T15:51:08","modified_gmt":"2026-01-13T15:51:08","slug":"5-claus-del-packing-en-barcelona-para-ecommerce","status":"publish","type":"post","link":"https:\/\/esffera.com\/blog\/en\/5-claus-del-packing-en-barcelona-para-ecommerce\/","title":{"rendered":"5 claus per empaquetar a Barcelona per eCommerce"},"content":{"rendered":"<p>Pac<strong><em>king in<\/em> Barcelona con<\/strong>tribueix al comer\u00e7 electr\u00f2nic amb aportacions de diferents tipus de natura. Ajuda a protegir un b\u00e9, facilitar l&#8217;emmagatzematge, permetre el maneig i acompanyament en el moviment fins a arribar a l&#8217;usuari final. A m\u00e9s, identifica una marca amb la promoci\u00f3 de la pres\u00e8ncia en el mercat mitjan\u00e7ant una combinaci\u00f3 de disseny funcional i creativitat<strong> log\u00edstic<\/strong>a.<\/p>\n<h2>Caracter\u00edstiques del packaging per<em> eCommerce<\/em><\/h2>\n<p>Com<em><strong>er\u00e7 electr<\/strong><\/em>\u00f2nic ocupa gaireb\u00e9 les mateixes categories que el comer\u00e7 tradicional funciona. Poques activitats resisteixen a aquest nou mitj\u00e0 de contacte amb les ofertes amb el p\u00fablic objectiu. En aquesta varietat es poden veure les seg\u00fcents caracter\u00edstiques que delimiten i marquen les pautes seguides pels canals de distribuci\u00f3:<\/p>\n<p>1. Els materials utilitzats estan determinats per les seves qualitats de resist\u00e8ncia i protecci\u00f3 de la compra. Tamb\u00e9 influeixen en el preu i els est\u00e0ndards legals que limiten l&#8217;\u00fas d&#8217;envasos dif\u00edcils de reciclar. D&#8217;aquesta manera, en els aliments segueixen les pautes establert<a href=\"http:\/\/foodforlife-spain.es\/meetingpack-2019-tendencias-envases-barrera-sostenibles-objetivo-h2030\/\" target=\"_blank\" rel=\"noopener noreferrer\">es en l&#8217;objecti<\/a>u H2030 que aposta per una economia circular, respectuosa amb el medi ambient i energ\u00e8ticament eficient. En general, el cartr\u00f3 es troba entre els materials m\u00e9s vers\u00e0tils i pr\u00e0ctics.<\/p>\n<p>2. L&#8217;embalatge ha de participar i multiplicar gratament les primeres impressions i experi\u00e8ncies d&#8217;\u00fas. El <em>comer\u00e7 elect<\/em>r\u00f2nic est\u00e0 estretament vinculat al fenomen dels mitjans de comunicac<em>i\u00f3 de Unb<\/em>oxing com a contingut promotor de vendes. En aquest camp el packaging forma part del primer contacte amb el receptor final. \u00c9s una eina efica\u00e7 per identificar la marca i deixar alguns signes en aquest element que reflecteixen els seus valors.<\/p>\n<p>3. Gesti\u00f3 de retorn no \u00e9s improvisada, i pel volum de vendes exigeix solucions madures. Les xifres econ\u00f2miques del comer\u00e7 electr\u00f2nic continuen creixent. Saps que en les dates anuals m\u00e9s eficients \u00e9s tradicional que s&#8217;excedeixen les vendes realitzades en l&#8217;edici\u00f3 anterior.<\/p>\n<p>4. L&#8217;embalatge ha de col\u00b7laborar en operacions de manipulaci\u00f3 de magatzems o automatitzaci\u00f3. La soluci\u00f3 que es troba per a aquest prop\u00f2sit no ha d&#8217;oblidar aquesta faceta funcional dels processos implicats en la distribuci\u00f3.<\/p>\n<p>5. L&#8217;embalatge ha d&#8217;abonar un domicili diferenciat a cada canal de distribuci\u00f3 utilitzat i a diferents formes de presentaci\u00f3. \u00c9s un problema important quan \u00e9s possible dividir el producte en unitats volum\u00e8triques m\u00e9s petites o grans.<\/p>\n<h2>Empaquetant a Barcelona per refor\u00e7ar imatge de marca<\/h2>\n<p>Quan, com a client reps un producte, l&#8217;embalatge <strong>implica u<\/strong>n pagament inicial o una fase introduct\u00f2ria per donar-li el primer \u00fas. L&#8217;impacte que t\u00e9 sobre un consumidor \u00e9s triple. D&#8217;una banda, et proporciona un mitj\u00e0 c\u00f2mode i agradable per al teu transport. Tamb\u00e9 emet missatges als sentits identificadors de la marca. Els colors, les textures i els dissenys geom\u00e8trics no s\u00f3n mai aleatoris perqu\u00e8 transmeten significats. I finalment, refor\u00e7a el component emocional que resol la necessitat del client.<\/p>\n<p>L&#8217;<em>embala<\/em>tge a Barcelona correspon a una zona <strong>urbana ben comunicada i q<\/strong>ue rep m\u00faltiples influ\u00e8ncies d&#8217;altres capitals europees. Aix\u00f2 no \u00e9s un obstacle per al Retail de tenir les seves pr\u00f2pies peculiaritats localitzats geogr\u00e0ficament i temporalment.<\/p>\n<p>Com<em>er\u00e7 electr\u00f2n<\/em>ic difon les millors conclusions sobre aquests temes a nivell mundial. Aquest escenari globalitza i internacionalitza solucions molt reeixides, la compet\u00e8ncia s&#8217;obliga d&#8217;alguna manera a no quedar-se enrere en aquest camp d<em>e m\u00e0rquet<\/em>ing aplicat a la distribuci\u00f3<\/p>\n<h2>Com triar el millor embalatge?<\/h2>\n<p>Per tal que tri\u00efs <strong>el mi<em>llor em<\/em><\/strong>balatge has d&#8217;aplicar un criteri uniforme, d&#8217;acord amb les estrat\u00e8gies de marca de la companyia. Quan assisteixi a les caracter\u00edstiques especials del cat\u00e0leg de productes, vost\u00e8 podr\u00e0 revisar les notes seg\u00fcents:<\/p>\n<p>1. <strong>Comprom\u00eds ecol\u00f2gic i sostenible<\/strong>. \u00c9s un aspecte que s&#8217;ha generalitzat en tots els sectors de Retail. La preocupaci\u00f3 pel medi ambient i l&#8217;\u00fas de materials de baix impacte tendeix a ser un principi b\u00e0sic i indispensable.<\/p>\n<p>2. <strong>Capacitat de personalitzaci\u00f3<\/strong>. L&#8217;envasament es pot afinar a Prefer\u00e8ncies de clients per reflectir valors amb el qual se senten identificats. En aquest punt es tracta de refor\u00e7ar els components emocionals que acompanyen la compra.<\/p>\n<p>3. <strong>Embalatge amb un marcat car\u00e0cter societari. <\/strong>\u00c9s quan vost\u00e8 t\u00e9 una marca molt forta i l&#8217;env\u00e0s serveix per subratllar l&#8217;origen diferenciat dels productes que protegeix.<\/p>\n<p>4. <strong>Aplicar els dissenys de models iconogr\u00e0fics <\/strong>que reflecteixin un estil de vida o qualitat extraordinari. S\u00f3n embalatges especials per a productes que pretenen ser reconeguts per la qualitat i una certa exclusivitat de consum.<\/p>\n<p>5. <strong>Embalatge que participa en un motlle visual recognos<\/strong>cible amb un fort component emocional. Productes que imiten estils Vintag<em>e o ins<\/em>pirats en la hist\u00f2ria de la cinematografia&#8217;participen en aquesta idea de <em>m\u00e0rqueti<\/em>ng per anar al mercat<\/p>\n<p>En conclusi\u00f3, l&#8217;<em>e<\/em><a href=\"https:\/\/esffera.com\/blog\/\" target=\"_blank\" rel=\"noopener noreferrer\"><em>mbalat<\/em>ge a Barcelon<\/a>a convergeix am<strong>b les tend\u00e8ncies presents en el Retail d<\/strong>&#8216;altres ciutats internacionals. Combina un concert d&#8217;intencions encaminades a la promoci\u00f3 de les vendes. La creativitat publicit\u00e0ria pret\u00e9n sorprendre, per\u00f2 sense p\u00e8rdua de les qualitats funcionals que ha de posseir un embalatge comercial. Ens agradaria con\u00e8ixer les seves impressions sobre aquests temes, en els comentaris que t\u00e9 l&#8217;oportunitat d&#8217;expressar-los.<\/p>\n<p><img fetchpriority=\"high\" decoding=\"async\" class=\"alignnone size-medium\" src=\"https:\/\/esffera.com\/blog\/wp-content\/uploads\/2025\/12\/present-2891870_960_720.jpg\" width=\"960\" height=\"576\" \/><\/p>\n","protected":false},"excerpt":{"rendered":"<p>Packing in Barcelona contribueix al comer\u00e7 electr\u00f2nic amb aportacions de diferents tipus de natura. Ajuda a protegir un b\u00e9, facilitar l&#8217;emmagatzematge, permetre el maneig i acompanyament en el moviment fins a arribar\u2026<\/p>\n","protected":false},"author":1,"featured_media":4410,"comment_status":"closed","ping_status":"closed","sticky":false,"template":"","format":"standard","meta":{"postBodyCss":"","postBodyMargin":[],"postBodyPadding":[],"postBodyBackground":{"backgroundType":"classic","gradient":""},"footnotes":""},"categories":[9],"tags":[],"class_list":["post-3508","post","type-post","status-publish","format-standard","has-post-thumbnail","hentry","category-sin-categoria-en"],"yoast_head":"<!-- This site is optimized with the Yoast SEO plugin v26.7 - https:\/\/yoast.com\/wordpress\/plugins\/seo\/ -->\n<title>5 claus per empaquetar a Barcelona per eCommerce - Esffera Blog<\/title>\n<meta name=\"robots\" content=\"index, follow, max-snippet:-1, max-image-preview:large, max-video-preview:-1\" \/>\n<link rel=\"canonical\" href=\"https:\/\/esffera.com\/blog\/en\/5-claus-del-packing-en-barcelona-para-ecommerce\/\" \/>\n<meta property=\"og:locale\" content=\"es_ES\" \/>\n<meta property=\"og:type\" content=\"article\" \/>\n<meta property=\"og:title\" content=\"5 claus per empaquetar a Barcelona per eCommerce - Esffera Blog\" \/>\n<meta property=\"og:description\" content=\"Packing in Barcelona contribueix al comer\u00e7 electr\u00f2nic amb aportacions de diferents tipus de natura. Ajuda a protegir un b\u00e9, facilitar l&#8217;emmagatzematge, permetre el maneig i acompanyament en el moviment fins a arribar\u2026\" \/>\n<meta property=\"og:url\" content=\"https:\/\/esffera.com\/blog\/en\/5-claus-del-packing-en-barcelona-para-ecommerce\/\" \/>\n<meta property=\"og:site_name\" content=\"Esffera Blog\" \/>\n<meta property=\"article:published_time\" content=\"2025-12-16T14:37:49+00:00\" \/>\n<meta property=\"article:modified_time\" content=\"2026-01-13T15:51:08+00:00\" \/>\n<meta property=\"og:image\" content=\"https:\/\/esffera.com\/blog\/wp-content\/uploads\/2025\/12\/present-2891870_960_720.jpg\" \/>\n\t<meta property=\"og:image:width\" content=\"960\" \/>\n\t<meta property=\"og:image:height\" content=\"576\" \/>\n\t<meta property=\"og:image:type\" content=\"image\/jpeg\" \/>\n<meta name=\"author\" content=\"admin\" \/>\n<meta name=\"twitter:card\" content=\"summary_large_image\" \/>\n<meta name=\"twitter:label1\" content=\"Escrito por\" \/>\n\t<meta name=\"twitter:data1\" content=\"admin\" \/>\n\t<meta name=\"twitter:label2\" content=\"Tiempo de lectura\" \/>\n\t<meta name=\"twitter:data2\" content=\"4 minutos\" \/>\n<script type=\"application\/ld+json\" class=\"yoast-schema-graph\">{\"@context\":\"https:\/\/schema.org\",\"@graph\":[{\"@type\":\"Article\",\"@id\":\"https:\/\/esffera.com\/blog\/en\/5-claus-del-packing-en-barcelona-para-ecommerce\/#article\",\"isPartOf\":{\"@id\":\"https:\/\/esffera.com\/blog\/en\/5-claus-del-packing-en-barcelona-para-ecommerce\/\"},\"author\":{\"name\":\"admin\",\"@id\":\"https:\/\/esffera.com\/blog\/#\/schema\/person\/820f06ed7bba656d2566633b2cd43c58\"},\"headline\":\"5 claus per empaquetar a Barcelona per eCommerce\",\"datePublished\":\"2025-12-16T14:37:49+00:00\",\"dateModified\":\"2026-01-13T15:51:08+00:00\",\"mainEntityOfPage\":{\"@id\":\"https:\/\/esffera.com\/blog\/en\/5-claus-del-packing-en-barcelona-para-ecommerce\/\"},\"wordCount\":890,\"publisher\":{\"@id\":\"https:\/\/esffera.com\/blog\/#organization\"},\"image\":{\"@id\":\"https:\/\/esffera.com\/blog\/en\/5-claus-del-packing-en-barcelona-para-ecommerce\/#primaryimage\"},\"thumbnailUrl\":\"https:\/\/esffera.com\/blog\/wp-content\/uploads\/2025\/12\/present-2891870_960_720.jpg\",\"inLanguage\":\"es\"},{\"@type\":\"WebPage\",\"@id\":\"https:\/\/esffera.com\/blog\/en\/5-claus-del-packing-en-barcelona-para-ecommerce\/\",\"url\":\"https:\/\/esffera.com\/blog\/en\/5-claus-del-packing-en-barcelona-para-ecommerce\/\",\"name\":\"5 claus per empaquetar a Barcelona per eCommerce - Esffera Blog\",\"isPartOf\":{\"@id\":\"https:\/\/esffera.com\/blog\/#website\"},\"primaryImageOfPage\":{\"@id\":\"https:\/\/esffera.com\/blog\/en\/5-claus-del-packing-en-barcelona-para-ecommerce\/#primaryimage\"},\"image\":{\"@id\":\"https:\/\/esffera.com\/blog\/en\/5-claus-del-packing-en-barcelona-para-ecommerce\/#primaryimage\"},\"thumbnailUrl\":\"https:\/\/esffera.com\/blog\/wp-content\/uploads\/2025\/12\/present-2891870_960_720.jpg\",\"datePublished\":\"2025-12-16T14:37:49+00:00\",\"dateModified\":\"2026-01-13T15:51:08+00:00\",\"breadcrumb\":{\"@id\":\"https:\/\/esffera.com\/blog\/en\/5-claus-del-packing-en-barcelona-para-ecommerce\/#breadcrumb\"},\"inLanguage\":\"es\",\"potentialAction\":[{\"@type\":\"ReadAction\",\"target\":[\"https:\/\/esffera.com\/blog\/en\/5-claus-del-packing-en-barcelona-para-ecommerce\/\"]}]},{\"@type\":\"ImageObject\",\"inLanguage\":\"es\",\"@id\":\"https:\/\/esffera.com\/blog\/en\/5-claus-del-packing-en-barcelona-para-ecommerce\/#primaryimage\",\"url\":\"https:\/\/esffera.com\/blog\/wp-content\/uploads\/2025\/12\/present-2891870_960_720.jpg\",\"contentUrl\":\"https:\/\/esffera.com\/blog\/wp-content\/uploads\/2025\/12\/present-2891870_960_720.jpg\",\"width\":960,\"height\":576},{\"@type\":\"BreadcrumbList\",\"@id\":\"https:\/\/esffera.com\/blog\/en\/5-claus-del-packing-en-barcelona-para-ecommerce\/#breadcrumb\",\"itemListElement\":[{\"@type\":\"ListItem\",\"position\":1,\"name\":\"Portada\",\"item\":\"https:\/\/esffera.com\/blog\/\"},{\"@type\":\"ListItem\",\"position\":2,\"name\":\"5 claus per empaquetar a Barcelona per eCommerce\"}]},{\"@type\":\"WebSite\",\"@id\":\"https:\/\/esffera.com\/blog\/#website\",\"url\":\"https:\/\/esffera.com\/blog\/\",\"name\":\"Esffera Blog\",\"description\":\"\",\"publisher\":{\"@id\":\"https:\/\/esffera.com\/blog\/#organization\"},\"potentialAction\":[{\"@type\":\"SearchAction\",\"target\":{\"@type\":\"EntryPoint\",\"urlTemplate\":\"https:\/\/esffera.com\/blog\/?s={search_term_string}\"},\"query-input\":{\"@type\":\"PropertyValueSpecification\",\"valueRequired\":true,\"valueName\":\"search_term_string\"}}],\"inLanguage\":\"es\"},{\"@type\":\"Organization\",\"@id\":\"https:\/\/esffera.com\/blog\/#organization\",\"name\":\"Esffera Blog\",\"url\":\"https:\/\/esffera.com\/blog\/\",\"logo\":{\"@type\":\"ImageObject\",\"inLanguage\":\"es\",\"@id\":\"https:\/\/esffera.com\/blog\/#\/schema\/logo\/image\/\",\"url\":\"https:\/\/esffera.com\/blog\/wp-content\/uploads\/2025\/12\/logo-esffera-negro.png\",\"contentUrl\":\"https:\/\/esffera.com\/blog\/wp-content\/uploads\/2025\/12\/logo-esffera-negro.png\",\"width\":798,\"height\":321,\"caption\":\"Esffera Blog\"},\"image\":{\"@id\":\"https:\/\/esffera.com\/blog\/#\/schema\/logo\/image\/\"},\"sameAs\":[\"https:\/\/www.tiktok.com\/@esfferatecnologistics\",\"https:\/\/www.linkedin.com\/company\/esffera-tecnologistics\",\"https:\/\/www.instagram.com\/esfferatecnologistics\/\"]},{\"@type\":\"Person\",\"@id\":\"https:\/\/esffera.com\/blog\/#\/schema\/person\/820f06ed7bba656d2566633b2cd43c58\",\"name\":\"admin\",\"image\":{\"@type\":\"ImageObject\",\"inLanguage\":\"es\",\"@id\":\"https:\/\/esffera.com\/blog\/#\/schema\/person\/image\/\",\"url\":\"https:\/\/secure.gravatar.com\/avatar\/aa0035bf7bdeb3438023d75f2e53baba3919802ff16918755455ebee6f9ddadb?s=96&d=mm&r=g\",\"contentUrl\":\"https:\/\/secure.gravatar.com\/avatar\/aa0035bf7bdeb3438023d75f2e53baba3919802ff16918755455ebee6f9ddadb?s=96&d=mm&r=g\",\"caption\":\"admin\"},\"sameAs\":[\"https:\/\/esffera.com\/blog\"],\"url\":\"https:\/\/esffera.com\/blog\/author\/esfferaadm2998\/\"}]}<\/script>\n<!-- \/ Yoast SEO plugin. -->","yoast_head_json":{"title":"5 claus per empaquetar a Barcelona per eCommerce - Esffera Blog","robots":{"index":"index","follow":"follow","max-snippet":"max-snippet:-1","max-image-preview":"max-image-preview:large","max-video-preview":"max-video-preview:-1"},"canonical":"https:\/\/esffera.com\/blog\/en\/5-claus-del-packing-en-barcelona-para-ecommerce\/","og_locale":"es_ES","og_type":"article","og_title":"5 claus per empaquetar a Barcelona per eCommerce - Esffera Blog","og_description":"Packing in Barcelona contribueix al comer\u00e7 electr\u00f2nic amb aportacions de diferents tipus de natura. Ajuda a protegir un b\u00e9, facilitar l&#8217;emmagatzematge, permetre el maneig i acompanyament en el moviment fins a arribar\u2026","og_url":"https:\/\/esffera.com\/blog\/en\/5-claus-del-packing-en-barcelona-para-ecommerce\/","og_site_name":"Esffera Blog","article_published_time":"2025-12-16T14:37:49+00:00","article_modified_time":"2026-01-13T15:51:08+00:00","og_image":[{"width":960,"height":576,"url":"https:\/\/esffera.com\/blog\/wp-content\/uploads\/2025\/12\/present-2891870_960_720.jpg","type":"image\/jpeg"}],"author":"admin","twitter_card":"summary_large_image","twitter_misc":{"Escrito por":"admin","Tiempo de lectura":"4 minutos"},"schema":{"@context":"https:\/\/schema.org","@graph":[{"@type":"Article","@id":"https:\/\/esffera.com\/blog\/en\/5-claus-del-packing-en-barcelona-para-ecommerce\/#article","isPartOf":{"@id":"https:\/\/esffera.com\/blog\/en\/5-claus-del-packing-en-barcelona-para-ecommerce\/"},"author":{"name":"admin","@id":"https:\/\/esffera.com\/blog\/#\/schema\/person\/820f06ed7bba656d2566633b2cd43c58"},"headline":"5 claus per empaquetar a Barcelona per eCommerce","datePublished":"2025-12-16T14:37:49+00:00","dateModified":"2026-01-13T15:51:08+00:00","mainEntityOfPage":{"@id":"https:\/\/esffera.com\/blog\/en\/5-claus-del-packing-en-barcelona-para-ecommerce\/"},"wordCount":890,"publisher":{"@id":"https:\/\/esffera.com\/blog\/#organization"},"image":{"@id":"https:\/\/esffera.com\/blog\/en\/5-claus-del-packing-en-barcelona-para-ecommerce\/#primaryimage"},"thumbnailUrl":"https:\/\/esffera.com\/blog\/wp-content\/uploads\/2025\/12\/present-2891870_960_720.jpg","inLanguage":"es"},{"@type":"WebPage","@id":"https:\/\/esffera.com\/blog\/en\/5-claus-del-packing-en-barcelona-para-ecommerce\/","url":"https:\/\/esffera.com\/blog\/en\/5-claus-del-packing-en-barcelona-para-ecommerce\/","name":"5 claus per empaquetar a Barcelona per eCommerce - Esffera Blog","isPartOf":{"@id":"https:\/\/esffera.com\/blog\/#website"},"primaryImageOfPage":{"@id":"https:\/\/esffera.com\/blog\/en\/5-claus-del-packing-en-barcelona-para-ecommerce\/#primaryimage"},"image":{"@id":"https:\/\/esffera.com\/blog\/en\/5-claus-del-packing-en-barcelona-para-ecommerce\/#primaryimage"},"thumbnailUrl":"https:\/\/esffera.com\/blog\/wp-content\/uploads\/2025\/12\/present-2891870_960_720.jpg","datePublished":"2025-12-16T14:37:49+00:00","dateModified":"2026-01-13T15:51:08+00:00","breadcrumb":{"@id":"https:\/\/esffera.com\/blog\/en\/5-claus-del-packing-en-barcelona-para-ecommerce\/#breadcrumb"},"inLanguage":"es","potentialAction":[{"@type":"ReadAction","target":["https:\/\/esffera.com\/blog\/en\/5-claus-del-packing-en-barcelona-para-ecommerce\/"]}]},{"@type":"ImageObject","inLanguage":"es","@id":"https:\/\/esffera.com\/blog\/en\/5-claus-del-packing-en-barcelona-para-ecommerce\/#primaryimage","url":"https:\/\/esffera.com\/blog\/wp-content\/uploads\/2025\/12\/present-2891870_960_720.jpg","contentUrl":"https:\/\/esffera.com\/blog\/wp-content\/uploads\/2025\/12\/present-2891870_960_720.jpg","width":960,"height":576},{"@type":"BreadcrumbList","@id":"https:\/\/esffera.com\/blog\/en\/5-claus-del-packing-en-barcelona-para-ecommerce\/#breadcrumb","itemListElement":[{"@type":"ListItem","position":1,"name":"Portada","item":"https:\/\/esffera.com\/blog\/"},{"@type":"ListItem","position":2,"name":"5 claus per empaquetar a Barcelona per eCommerce"}]},{"@type":"WebSite","@id":"https:\/\/esffera.com\/blog\/#website","url":"https:\/\/esffera.com\/blog\/","name":"Esffera Blog","description":"","publisher":{"@id":"https:\/\/esffera.com\/blog\/#organization"},"potentialAction":[{"@type":"SearchAction","target":{"@type":"EntryPoint","urlTemplate":"https:\/\/esffera.com\/blog\/?s={search_term_string}"},"query-input":{"@type":"PropertyValueSpecification","valueRequired":true,"valueName":"search_term_string"}}],"inLanguage":"es"},{"@type":"Organization","@id":"https:\/\/esffera.com\/blog\/#organization","name":"Esffera Blog","url":"https:\/\/esffera.com\/blog\/","logo":{"@type":"ImageObject","inLanguage":"es","@id":"https:\/\/esffera.com\/blog\/#\/schema\/logo\/image\/","url":"https:\/\/esffera.com\/blog\/wp-content\/uploads\/2025\/12\/logo-esffera-negro.png","contentUrl":"https:\/\/esffera.com\/blog\/wp-content\/uploads\/2025\/12\/logo-esffera-negro.png","width":798,"height":321,"caption":"Esffera Blog"},"image":{"@id":"https:\/\/esffera.com\/blog\/#\/schema\/logo\/image\/"},"sameAs":["https:\/\/www.tiktok.com\/@esfferatecnologistics","https:\/\/www.linkedin.com\/company\/esffera-tecnologistics","https:\/\/www.instagram.com\/esfferatecnologistics\/"]},{"@type":"Person","@id":"https:\/\/esffera.com\/blog\/#\/schema\/person\/820f06ed7bba656d2566633b2cd43c58","name":"admin","image":{"@type":"ImageObject","inLanguage":"es","@id":"https:\/\/esffera.com\/blog\/#\/schema\/person\/image\/","url":"https:\/\/secure.gravatar.com\/avatar\/aa0035bf7bdeb3438023d75f2e53baba3919802ff16918755455ebee6f9ddadb?s=96&d=mm&r=g","contentUrl":"https:\/\/secure.gravatar.com\/avatar\/aa0035bf7bdeb3438023d75f2e53baba3919802ff16918755455ebee6f9ddadb?s=96&d=mm&r=g","caption":"admin"},"sameAs":["https:\/\/esffera.com\/blog"],"url":"https:\/\/esffera.com\/blog\/author\/esfferaadm2998\/"}]}},"_links":{"self":[{"href":"https:\/\/esffera.com\/blog\/wp-json\/wp\/v2\/posts\/3508","targetHints":{"allow":["GET"]}}],"collection":[{"href":"https:\/\/esffera.com\/blog\/wp-json\/wp\/v2\/posts"}],"about":[{"href":"https:\/\/esffera.com\/blog\/wp-json\/wp\/v2\/types\/post"}],"author":[{"embeddable":true,"href":"https:\/\/esffera.com\/blog\/wp-json\/wp\/v2\/users\/1"}],"replies":[{"embeddable":true,"href":"https:\/\/esffera.com\/blog\/wp-json\/wp\/v2\/comments?post=3508"}],"version-history":[{"count":3,"href":"https:\/\/esffera.com\/blog\/wp-json\/wp\/v2\/posts\/3508\/revisions"}],"predecessor-version":[{"id":4566,"href":"https:\/\/esffera.com\/blog\/wp-json\/wp\/v2\/posts\/3508\/revisions\/4566"}],"wp:featuredmedia":[{"embeddable":true,"href":"https:\/\/esffera.com\/blog\/wp-json\/wp\/v2\/media\/4410"}],"wp:attachment":[{"href":"https:\/\/esffera.com\/blog\/wp-json\/wp\/v2\/media?parent=3508"}],"wp:term":[{"taxonomy":"category","embeddable":true,"href":"https:\/\/esffera.com\/blog\/wp-json\/wp\/v2\/categories?post=3508"},{"taxonomy":"post_tag","embeddable":true,"href":"https:\/\/esffera.com\/blog\/wp-json\/wp\/v2\/tags?post=3508"}],"curies":[{"name":"wp","href":"https:\/\/api.w.org\/{rel}","templated":true}]}}