{"id":3509,"date":"2025-12-16T14:37:49","date_gmt":"2025-12-16T14:37:49","guid":{"rendered":"https:\/\/www.galyco.com\/?p=3463"},"modified":"2026-01-13T15:50:53","modified_gmt":"2026-01-13T15:50:53","slug":"5-keys-del-packing-en-barcelona-para-ecommerce","status":"publish","type":"post","link":"https:\/\/esffera.com\/blog\/de\/5-keys-del-packing-en-barcelona-para-ecommerce\/","title":{"rendered":"5 Schl\u00fcssel zum Verpacken in Barcelona f\u00fcr E-Commerce"},"content":{"rendered":"<p>Da<strong><em>s Verp<\/em>acken in Barc<\/strong>elona tr\u00e4gt mit Beitr\u00e4gen unterschiedlicher Art zum E-Commerce bei. Es hilft, eine gute zu sch\u00fctzen, erleichtern Lagerung, erm\u00f6glichen Handhabung und begleiten unterwegs, bis der Endbenutzer zu erreichen. Dar\u00fcber hinaus identifiziert es eine Marke mit der F\u00f6rderung der Pr\u00e4senz auf dem Markt durch eine Kombination aus funktionalem Design und logistischer <strong>Kreativit\u00e4<\/strong>t.<\/p>\n<h2>Verpackungsfunktionen f\u00fcr den E<em>-Commerce<\/em><\/h2>\n<p>Der<em><strong> E-Commer<\/strong><\/em>ce nimmt fast die gleichen Kategorien ein wie der traditionelle Handel. Nur wenige Aktivit\u00e4ten widersetzen sich dieser neuen M\u00f6glichkeit, Angebote mit der Zielgruppe in Kontakt zu bringen. In dieser Sorte k\u00f6nnen Sie die folgenden Merkmale sehen, die die Richtlinien abgrenzen und markieren, die von den Vertriebskan\u00e4len gefolgt werden:<\/p>\n<p>1. Die verwendeten Materialien werden durch ihre Festigkeitseigenschaften und den Schutz des Kaufs bestimmt. Sie beeinflussen auch den Preis und die gesetzlichen Standards, die die Verwendung von schwer recycelten Verpackungen einschr\u00e4nken. So folgen sie bei Lebensmitteln den Leitlinien vo<a href=\"http:\/\/foodforlife-spain.es\/meetingpack-2019-tendencias-envases-barrera-sostenibles-objetivo-h2030\/\" target=\"_blank\" rel=\"noopener noreferrer\">n Ziel H2030<\/a>, das auf eine Kreislaufwirtschaft setzt, umweltfreundlich und energieeffizient. Im Allgemeinen geh\u00f6rt Karton zu den vielseitigsten und praktischsten Materialien.<\/p>\n<p>2. Die Verpackung sollte teilnehmen und die ersten Eindr\u00fccke und Nutzungserfahrungen angenehm vervielfachen. E-<em>Commerc<\/em>e ist eng mit dem Medienph\u00e4nomen Unboxing als <em>Verkau<\/em>fstr\u00e4ger-Inhalte verbunden. In diesem Bereich ist die Verpackung Teil des ersten Kontakts mit dem Endempf\u00e4nger. Es ist ein effektives Werkzeug, um die Markierung zu identifizieren und einige Zeichen in diesem Element zu hinterlassen, die seine Werte widerspiegeln.<\/p>\n<p>3. Das Return Management ist nicht improvisiert und erfordert aufgrund des Umsatzvolumens ausgereifte L\u00f6sungen. Die Wirtschaftszahlen des elektronischen Gesch\u00e4ftsverkehrs wachsen weiter. Sie wissen, dass es an den effizientesten Jahresdaten traditionell ist, dass die Inderausgabe get\u00e4tigten Verk\u00e4ufe \u00fcbertroffen werden.<\/p>\n<p>4. Die Verpackung muss bei der Lagerabwicklung oder Automatisierung zusammenarbeiten. Die L\u00f6sung, die Sie zu diesem Zweck finden, sollte diese funktionale Facette der Prozesse, die an der Verteilung beteiligt sind, nicht vernachl\u00e4ssigen.<\/p>\n<p>5. Verpackungen m\u00fcssen f\u00fcr jeden verwendeten Vertriebskanal und f\u00fcr unterschiedliche Darstellungsformen eine differenzierte Adresse angeben. Es ist ein wichtiges Thema, wenn es m\u00f6glich ist, das Produkt in kleinere oder gr\u00f6\u00dfere volumetrische Einheiten zu unterteilen.<\/p>\n<h2>Verpackung in Barcelona zur St\u00e4rkung des Markenimages<\/h2>\n<p>Wenn Sie als Kunde ein Produkt erhalten, beinhaltet die<strong> Verpacku<\/strong>ng eine Anzahlung oder Einf\u00fchrungsphase, um ihm die erste Verwendung zu geben. Die Auswirkungen, die dies auf einen Verbraucher hat, sind dreifach. Einerseits bietet es Ihnen ein komfortables und angenehmes Transportmittel. Es gibt auch Botschaften an die identifizierenden Sinne der Marke. Farben, Texturen und geometrische Designs sind nie zuf\u00e4llig, weil sie Bedeutungen vermitteln. Und schlie\u00dflich verst\u00e4rkt es die emotionale Komponente, die die Bed\u00fcrfnisse des Kunden l\u00f6st.<\/p>\n<p>Di<em>e Verpa<\/em>ckung in Barcelona entspricht einem gut an<strong>gebundenen Stadtgebiet, das <\/strong>mehrere Einfl\u00fcsse aus anderen europ\u00e4ischen Hauptst\u00e4dten erh\u00e4lt. Dies ist kein Hindernis f\u00fcr den Einzelhandel, seine eigenen Besonderheiten geografisch und vor\u00fcbergehend zu haben.<\/p>\n<p>E-<em>Commerce v<\/em>erbreitet die besten Erkenntnisse zu diesen Themen weltweit. Dieses Szenario globalisiert und internationalisiert sehr erfolgreiche L\u00f6sungen, Der Wettbewerb ist irgendwie gezwungen, in diesem Bereich des Marketings, das auf den Vertrieb ange<em>wendet wird<\/em>, nicht zur\u00fcckgelassen zu werden.<\/p>\n<h2>Wie w\u00e4hlt man die beste Verpackung aus?<\/h2>\n<p>Damit Sie die beste V<strong>erpacku<em>ng ausw\u00e4<\/em><\/strong>hlen k\u00f6nnen, m\u00fcssen Sie ein einheitliches Kriterium anwenden, das den Markenstrategien des Unternehmens entspricht. Wenn Sie an den besonderen Merkmalen des Produktkatalogs teilnehmen, lesen Sie die folgenden Hinweise:<\/p>\n<p>1. <strong>\u00d6kologisches und nachhaltiges Engagemen<\/strong>t. Es ist ein Aspekt, der in allen Bereichen des Einzelhandels weit verbreitet ist. Die Sorge um die Umwelt und die Verwendung von Materialien mit geringem Wirkungsbereich ist in der Regel ein grundlegendes und unverzichtbares Prinzip.<\/p>\n<p>2. <strong>Anpassungsf\u00e4higkeit<\/strong>. Die Verpackung kann auf die Kundenpr\u00e4ferenzen abgestimmt werden, um Werte widerzuspiegeln, mit denen sie sich identifiziert f\u00fchlen. An dieser Stelle geht es darum, die emotionalen Komponenten zu verst\u00e4rken, die den Kauf begleiten.<\/p>\n<p>3. <strong>Verpackung mit starkem Unternehmenscharakter. <\/strong>Es ist, wenn Sie eine sehr starke Marke haben und die Verpackung dient dazu, die differenzierte Herkunft der Produkte zu unterstreichen, die es sch\u00fctzt.<\/p>\n<p>4. <strong>Wenden Sie Designs aus ikonographischen Modellen an, die eine<\/strong>n au\u00dfergew\u00f6hnlichen Lebensstil oder eine au\u00dfergew\u00f6hnliche Qualit\u00e4t widerspiegeln. Sie sind spezielle Verpackungen f\u00fcr Produkte, die behaupten, f\u00fcr Qualit\u00e4t und eine gewisse Exklusivit\u00e4t des Verbrauchs anerkannt zu werden.<\/p>\n<p>5. <strong>Verpackungen, die an einer erkennbaren visuellen Form mit einer <\/strong>starken emotionalen Komponente beteiligt sind. Produkte, die Vintage-Stile imitie<em>ren od<\/em>er von der Geschichte der Kinematografie inspiriert \u00aban dieser Marketing<em>-Idee, a<\/em>uf den Markt zu gehen<\/p>\n<p>Zusammenfassend l\u00e4s<em>s<\/em><a href=\"https:\/\/esffera.com\/blog\/\" target=\"_blank\" rel=\"noopener noreferrer\"><em>t sich <\/em>sagen, dass di<\/a>e Verpackung in Ba<strong>rcelona mit den Trends im Einzelhandel anderer<\/strong> internationaler St\u00e4dte konvergiert. Es vereint ein Konzert von Absichten, die darauf abzielen, den Verkauf zu f\u00f6rdern. Werbekreativit\u00e4t versucht zu \u00fcberraschen, aber ohne Denkverlust der funktionalen Qualit\u00e4ten, die eine kommerzielle Verpackung besitzen muss. Wir m\u00f6chten Ihre Eindr\u00fccke zu diesen Themen erfahren, in den Kommentaren haben Sie die M\u00f6glichkeit, sie zum Ausdruck zu bringen.<\/p>\n<p>&nbsp;<\/p>\n","protected":false},"excerpt":{"rendered":"<p>Das Verpacken in Barcelona tr\u00e4gt mit Beitr\u00e4gen unterschiedlicher Art zum E-Commerce bei. Es hilft, eine gute zu sch\u00fctzen, erleichtern Lagerung, erm\u00f6glichen Handhabung und begleiten unterwegs, bis der Endbenutzer zu erreichen. Dar\u00fcber hinaus\u2026<\/p>\n","protected":false},"author":1,"featured_media":4410,"comment_status":"closed","ping_status":"closed","sticky":false,"template":"","format":"standard","meta":{"postBodyCss":"","postBodyMargin":[],"postBodyPadding":[],"postBodyBackground":{"backgroundType":"classic","gradient":""},"footnotes":""},"categories":[8],"tags":[],"class_list":["post-3509","post","type-post","status-publish","format-standard","has-post-thumbnail","hentry","category-sin-categoria-de"],"yoast_head":"<!-- This site is optimized with the Yoast SEO plugin v26.7 - https:\/\/yoast.com\/wordpress\/plugins\/seo\/ -->\n<title>5 Schl\u00fcssel zum Verpacken in Barcelona f\u00fcr E-Commerce - Esffera Blog<\/title>\n<meta name=\"robots\" content=\"index, follow, max-snippet:-1, max-image-preview:large, max-video-preview:-1\" \/>\n<link rel=\"canonical\" href=\"https:\/\/esffera.com\/blog\/de\/5-keys-del-packing-en-barcelona-para-ecommerce\/\" \/>\n<meta property=\"og:locale\" content=\"es_ES\" \/>\n<meta property=\"og:type\" content=\"article\" \/>\n<meta property=\"og:title\" content=\"5 Schl\u00fcssel zum Verpacken in Barcelona f\u00fcr E-Commerce - Esffera Blog\" \/>\n<meta property=\"og:description\" content=\"Das Verpacken in Barcelona tr\u00e4gt mit Beitr\u00e4gen unterschiedlicher Art zum E-Commerce bei. Es hilft, eine gute zu sch\u00fctzen, erleichtern Lagerung, erm\u00f6glichen Handhabung und begleiten unterwegs, bis der Endbenutzer zu erreichen. Dar\u00fcber hinaus\u2026\" \/>\n<meta property=\"og:url\" content=\"https:\/\/esffera.com\/blog\/de\/5-keys-del-packing-en-barcelona-para-ecommerce\/\" \/>\n<meta property=\"og:site_name\" content=\"Esffera Blog\" \/>\n<meta property=\"article:published_time\" content=\"2025-12-16T14:37:49+00:00\" \/>\n<meta property=\"article:modified_time\" content=\"2026-01-13T15:50:53+00:00\" \/>\n<meta property=\"og:image\" content=\"https:\/\/esffera.com\/blog\/wp-content\/uploads\/2025\/12\/present-2891870_960_720.jpg\" \/>\n\t<meta property=\"og:image:width\" content=\"960\" \/>\n\t<meta property=\"og:image:height\" content=\"576\" \/>\n\t<meta property=\"og:image:type\" content=\"image\/jpeg\" \/>\n<meta name=\"author\" content=\"admin\" \/>\n<meta name=\"twitter:card\" content=\"summary_large_image\" \/>\n<meta name=\"twitter:label1\" content=\"Escrito por\" \/>\n\t<meta name=\"twitter:data1\" content=\"admin\" \/>\n\t<meta name=\"twitter:label2\" content=\"Tiempo de lectura\" \/>\n\t<meta name=\"twitter:data2\" content=\"4 minutos\" \/>\n<script type=\"application\/ld+json\" class=\"yoast-schema-graph\">{\"@context\":\"https:\/\/schema.org\",\"@graph\":[{\"@type\":\"Article\",\"@id\":\"https:\/\/esffera.com\/blog\/de\/5-keys-del-packing-en-barcelona-para-ecommerce\/#article\",\"isPartOf\":{\"@id\":\"https:\/\/esffera.com\/blog\/de\/5-keys-del-packing-en-barcelona-para-ecommerce\/\"},\"author\":{\"name\":\"admin\",\"@id\":\"https:\/\/esffera.com\/blog\/#\/schema\/person\/820f06ed7bba656d2566633b2cd43c58\"},\"headline\":\"5 Schl\u00fcssel zum Verpacken in Barcelona f\u00fcr E-Commerce\",\"datePublished\":\"2025-12-16T14:37:49+00:00\",\"dateModified\":\"2026-01-13T15:50:53+00:00\",\"mainEntityOfPage\":{\"@id\":\"https:\/\/esffera.com\/blog\/de\/5-keys-del-packing-en-barcelona-para-ecommerce\/\"},\"wordCount\":832,\"publisher\":{\"@id\":\"https:\/\/esffera.com\/blog\/#organization\"},\"image\":{\"@id\":\"https:\/\/esffera.com\/blog\/de\/5-keys-del-packing-en-barcelona-para-ecommerce\/#primaryimage\"},\"thumbnailUrl\":\"https:\/\/esffera.com\/blog\/wp-content\/uploads\/2025\/12\/present-2891870_960_720.jpg\",\"inLanguage\":\"es\"},{\"@type\":\"WebPage\",\"@id\":\"https:\/\/esffera.com\/blog\/de\/5-keys-del-packing-en-barcelona-para-ecommerce\/\",\"url\":\"https:\/\/esffera.com\/blog\/de\/5-keys-del-packing-en-barcelona-para-ecommerce\/\",\"name\":\"5 Schl\u00fcssel zum Verpacken in Barcelona f\u00fcr E-Commerce - Esffera Blog\",\"isPartOf\":{\"@id\":\"https:\/\/esffera.com\/blog\/#website\"},\"primaryImageOfPage\":{\"@id\":\"https:\/\/esffera.com\/blog\/de\/5-keys-del-packing-en-barcelona-para-ecommerce\/#primaryimage\"},\"image\":{\"@id\":\"https:\/\/esffera.com\/blog\/de\/5-keys-del-packing-en-barcelona-para-ecommerce\/#primaryimage\"},\"thumbnailUrl\":\"https:\/\/esffera.com\/blog\/wp-content\/uploads\/2025\/12\/present-2891870_960_720.jpg\",\"datePublished\":\"2025-12-16T14:37:49+00:00\",\"dateModified\":\"2026-01-13T15:50:53+00:00\",\"breadcrumb\":{\"@id\":\"https:\/\/esffera.com\/blog\/de\/5-keys-del-packing-en-barcelona-para-ecommerce\/#breadcrumb\"},\"inLanguage\":\"es\",\"potentialAction\":[{\"@type\":\"ReadAction\",\"target\":[\"https:\/\/esffera.com\/blog\/de\/5-keys-del-packing-en-barcelona-para-ecommerce\/\"]}]},{\"@type\":\"ImageObject\",\"inLanguage\":\"es\",\"@id\":\"https:\/\/esffera.com\/blog\/de\/5-keys-del-packing-en-barcelona-para-ecommerce\/#primaryimage\",\"url\":\"https:\/\/esffera.com\/blog\/wp-content\/uploads\/2025\/12\/present-2891870_960_720.jpg\",\"contentUrl\":\"https:\/\/esffera.com\/blog\/wp-content\/uploads\/2025\/12\/present-2891870_960_720.jpg\",\"width\":960,\"height\":576},{\"@type\":\"BreadcrumbList\",\"@id\":\"https:\/\/esffera.com\/blog\/de\/5-keys-del-packing-en-barcelona-para-ecommerce\/#breadcrumb\",\"itemListElement\":[{\"@type\":\"ListItem\",\"position\":1,\"name\":\"Portada\",\"item\":\"https:\/\/esffera.com\/blog\/\"},{\"@type\":\"ListItem\",\"position\":2,\"name\":\"5 Schl\u00fcssel zum Verpacken in Barcelona f\u00fcr E-Commerce\"}]},{\"@type\":\"WebSite\",\"@id\":\"https:\/\/esffera.com\/blog\/#website\",\"url\":\"https:\/\/esffera.com\/blog\/\",\"name\":\"Esffera Blog\",\"description\":\"\",\"publisher\":{\"@id\":\"https:\/\/esffera.com\/blog\/#organization\"},\"potentialAction\":[{\"@type\":\"SearchAction\",\"target\":{\"@type\":\"EntryPoint\",\"urlTemplate\":\"https:\/\/esffera.com\/blog\/?s={search_term_string}\"},\"query-input\":{\"@type\":\"PropertyValueSpecification\",\"valueRequired\":true,\"valueName\":\"search_term_string\"}}],\"inLanguage\":\"es\"},{\"@type\":\"Organization\",\"@id\":\"https:\/\/esffera.com\/blog\/#organization\",\"name\":\"Esffera Blog\",\"url\":\"https:\/\/esffera.com\/blog\/\",\"logo\":{\"@type\":\"ImageObject\",\"inLanguage\":\"es\",\"@id\":\"https:\/\/esffera.com\/blog\/#\/schema\/logo\/image\/\",\"url\":\"https:\/\/esffera.com\/blog\/wp-content\/uploads\/2025\/12\/logo-esffera-negro.png\",\"contentUrl\":\"https:\/\/esffera.com\/blog\/wp-content\/uploads\/2025\/12\/logo-esffera-negro.png\",\"width\":798,\"height\":321,\"caption\":\"Esffera Blog\"},\"image\":{\"@id\":\"https:\/\/esffera.com\/blog\/#\/schema\/logo\/image\/\"},\"sameAs\":[\"https:\/\/www.tiktok.com\/@esfferatecnologistics\",\"https:\/\/www.linkedin.com\/company\/esffera-tecnologistics\",\"https:\/\/www.instagram.com\/esfferatecnologistics\/\"]},{\"@type\":\"Person\",\"@id\":\"https:\/\/esffera.com\/blog\/#\/schema\/person\/820f06ed7bba656d2566633b2cd43c58\",\"name\":\"admin\",\"image\":{\"@type\":\"ImageObject\",\"inLanguage\":\"es\",\"@id\":\"https:\/\/esffera.com\/blog\/#\/schema\/person\/image\/\",\"url\":\"https:\/\/secure.gravatar.com\/avatar\/aa0035bf7bdeb3438023d75f2e53baba3919802ff16918755455ebee6f9ddadb?s=96&d=mm&r=g\",\"contentUrl\":\"https:\/\/secure.gravatar.com\/avatar\/aa0035bf7bdeb3438023d75f2e53baba3919802ff16918755455ebee6f9ddadb?s=96&d=mm&r=g\",\"caption\":\"admin\"},\"sameAs\":[\"https:\/\/esffera.com\/blog\"],\"url\":\"https:\/\/esffera.com\/blog\/author\/esfferaadm2998\/\"}]}<\/script>\n<!-- \/ Yoast SEO plugin. -->","yoast_head_json":{"title":"5 Schl\u00fcssel zum Verpacken in Barcelona f\u00fcr E-Commerce - Esffera Blog","robots":{"index":"index","follow":"follow","max-snippet":"max-snippet:-1","max-image-preview":"max-image-preview:large","max-video-preview":"max-video-preview:-1"},"canonical":"https:\/\/esffera.com\/blog\/de\/5-keys-del-packing-en-barcelona-para-ecommerce\/","og_locale":"es_ES","og_type":"article","og_title":"5 Schl\u00fcssel zum Verpacken in Barcelona f\u00fcr E-Commerce - Esffera Blog","og_description":"Das Verpacken in Barcelona tr\u00e4gt mit Beitr\u00e4gen unterschiedlicher Art zum E-Commerce bei. Es hilft, eine gute zu sch\u00fctzen, erleichtern Lagerung, erm\u00f6glichen Handhabung und begleiten unterwegs, bis der Endbenutzer zu erreichen. Dar\u00fcber hinaus\u2026","og_url":"https:\/\/esffera.com\/blog\/de\/5-keys-del-packing-en-barcelona-para-ecommerce\/","og_site_name":"Esffera Blog","article_published_time":"2025-12-16T14:37:49+00:00","article_modified_time":"2026-01-13T15:50:53+00:00","og_image":[{"width":960,"height":576,"url":"https:\/\/esffera.com\/blog\/wp-content\/uploads\/2025\/12\/present-2891870_960_720.jpg","type":"image\/jpeg"}],"author":"admin","twitter_card":"summary_large_image","twitter_misc":{"Escrito por":"admin","Tiempo de lectura":"4 minutos"},"schema":{"@context":"https:\/\/schema.org","@graph":[{"@type":"Article","@id":"https:\/\/esffera.com\/blog\/de\/5-keys-del-packing-en-barcelona-para-ecommerce\/#article","isPartOf":{"@id":"https:\/\/esffera.com\/blog\/de\/5-keys-del-packing-en-barcelona-para-ecommerce\/"},"author":{"name":"admin","@id":"https:\/\/esffera.com\/blog\/#\/schema\/person\/820f06ed7bba656d2566633b2cd43c58"},"headline":"5 Schl\u00fcssel zum Verpacken in Barcelona f\u00fcr E-Commerce","datePublished":"2025-12-16T14:37:49+00:00","dateModified":"2026-01-13T15:50:53+00:00","mainEntityOfPage":{"@id":"https:\/\/esffera.com\/blog\/de\/5-keys-del-packing-en-barcelona-para-ecommerce\/"},"wordCount":832,"publisher":{"@id":"https:\/\/esffera.com\/blog\/#organization"},"image":{"@id":"https:\/\/esffera.com\/blog\/de\/5-keys-del-packing-en-barcelona-para-ecommerce\/#primaryimage"},"thumbnailUrl":"https:\/\/esffera.com\/blog\/wp-content\/uploads\/2025\/12\/present-2891870_960_720.jpg","inLanguage":"es"},{"@type":"WebPage","@id":"https:\/\/esffera.com\/blog\/de\/5-keys-del-packing-en-barcelona-para-ecommerce\/","url":"https:\/\/esffera.com\/blog\/de\/5-keys-del-packing-en-barcelona-para-ecommerce\/","name":"5 Schl\u00fcssel zum Verpacken in Barcelona f\u00fcr E-Commerce - Esffera Blog","isPartOf":{"@id":"https:\/\/esffera.com\/blog\/#website"},"primaryImageOfPage":{"@id":"https:\/\/esffera.com\/blog\/de\/5-keys-del-packing-en-barcelona-para-ecommerce\/#primaryimage"},"image":{"@id":"https:\/\/esffera.com\/blog\/de\/5-keys-del-packing-en-barcelona-para-ecommerce\/#primaryimage"},"thumbnailUrl":"https:\/\/esffera.com\/blog\/wp-content\/uploads\/2025\/12\/present-2891870_960_720.jpg","datePublished":"2025-12-16T14:37:49+00:00","dateModified":"2026-01-13T15:50:53+00:00","breadcrumb":{"@id":"https:\/\/esffera.com\/blog\/de\/5-keys-del-packing-en-barcelona-para-ecommerce\/#breadcrumb"},"inLanguage":"es","potentialAction":[{"@type":"ReadAction","target":["https:\/\/esffera.com\/blog\/de\/5-keys-del-packing-en-barcelona-para-ecommerce\/"]}]},{"@type":"ImageObject","inLanguage":"es","@id":"https:\/\/esffera.com\/blog\/de\/5-keys-del-packing-en-barcelona-para-ecommerce\/#primaryimage","url":"https:\/\/esffera.com\/blog\/wp-content\/uploads\/2025\/12\/present-2891870_960_720.jpg","contentUrl":"https:\/\/esffera.com\/blog\/wp-content\/uploads\/2025\/12\/present-2891870_960_720.jpg","width":960,"height":576},{"@type":"BreadcrumbList","@id":"https:\/\/esffera.com\/blog\/de\/5-keys-del-packing-en-barcelona-para-ecommerce\/#breadcrumb","itemListElement":[{"@type":"ListItem","position":1,"name":"Portada","item":"https:\/\/esffera.com\/blog\/"},{"@type":"ListItem","position":2,"name":"5 Schl\u00fcssel zum Verpacken in Barcelona f\u00fcr E-Commerce"}]},{"@type":"WebSite","@id":"https:\/\/esffera.com\/blog\/#website","url":"https:\/\/esffera.com\/blog\/","name":"Esffera Blog","description":"","publisher":{"@id":"https:\/\/esffera.com\/blog\/#organization"},"potentialAction":[{"@type":"SearchAction","target":{"@type":"EntryPoint","urlTemplate":"https:\/\/esffera.com\/blog\/?s={search_term_string}"},"query-input":{"@type":"PropertyValueSpecification","valueRequired":true,"valueName":"search_term_string"}}],"inLanguage":"es"},{"@type":"Organization","@id":"https:\/\/esffera.com\/blog\/#organization","name":"Esffera Blog","url":"https:\/\/esffera.com\/blog\/","logo":{"@type":"ImageObject","inLanguage":"es","@id":"https:\/\/esffera.com\/blog\/#\/schema\/logo\/image\/","url":"https:\/\/esffera.com\/blog\/wp-content\/uploads\/2025\/12\/logo-esffera-negro.png","contentUrl":"https:\/\/esffera.com\/blog\/wp-content\/uploads\/2025\/12\/logo-esffera-negro.png","width":798,"height":321,"caption":"Esffera Blog"},"image":{"@id":"https:\/\/esffera.com\/blog\/#\/schema\/logo\/image\/"},"sameAs":["https:\/\/www.tiktok.com\/@esfferatecnologistics","https:\/\/www.linkedin.com\/company\/esffera-tecnologistics","https:\/\/www.instagram.com\/esfferatecnologistics\/"]},{"@type":"Person","@id":"https:\/\/esffera.com\/blog\/#\/schema\/person\/820f06ed7bba656d2566633b2cd43c58","name":"admin","image":{"@type":"ImageObject","inLanguage":"es","@id":"https:\/\/esffera.com\/blog\/#\/schema\/person\/image\/","url":"https:\/\/secure.gravatar.com\/avatar\/aa0035bf7bdeb3438023d75f2e53baba3919802ff16918755455ebee6f9ddadb?s=96&d=mm&r=g","contentUrl":"https:\/\/secure.gravatar.com\/avatar\/aa0035bf7bdeb3438023d75f2e53baba3919802ff16918755455ebee6f9ddadb?s=96&d=mm&r=g","caption":"admin"},"sameAs":["https:\/\/esffera.com\/blog"],"url":"https:\/\/esffera.com\/blog\/author\/esfferaadm2998\/"}]}},"_links":{"self":[{"href":"https:\/\/esffera.com\/blog\/wp-json\/wp\/v2\/posts\/3509","targetHints":{"allow":["GET"]}}],"collection":[{"href":"https:\/\/esffera.com\/blog\/wp-json\/wp\/v2\/posts"}],"about":[{"href":"https:\/\/esffera.com\/blog\/wp-json\/wp\/v2\/types\/post"}],"author":[{"embeddable":true,"href":"https:\/\/esffera.com\/blog\/wp-json\/wp\/v2\/users\/1"}],"replies":[{"embeddable":true,"href":"https:\/\/esffera.com\/blog\/wp-json\/wp\/v2\/comments?post=3509"}],"version-history":[{"count":2,"href":"https:\/\/esffera.com\/blog\/wp-json\/wp\/v2\/posts\/3509\/revisions"}],"predecessor-version":[{"id":4568,"href":"https:\/\/esffera.com\/blog\/wp-json\/wp\/v2\/posts\/3509\/revisions\/4568"}],"wp:featuredmedia":[{"embeddable":true,"href":"https:\/\/esffera.com\/blog\/wp-json\/wp\/v2\/media\/4410"}],"wp:attachment":[{"href":"https:\/\/esffera.com\/blog\/wp-json\/wp\/v2\/media?parent=3509"}],"wp:term":[{"taxonomy":"category","embeddable":true,"href":"https:\/\/esffera.com\/blog\/wp-json\/wp\/v2\/categories?post=3509"},{"taxonomy":"post_tag","embeddable":true,"href":"https:\/\/esffera.com\/blog\/wp-json\/wp\/v2\/tags?post=3509"}],"curies":[{"name":"wp","href":"https:\/\/api.w.org\/{rel}","templated":true}]}}