{"id":3512,"date":"2025-12-16T14:37:49","date_gmt":"2025-12-16T14:37:49","guid":{"rendered":"https:\/\/www.galyco.com\/?p=3463"},"modified":"2026-01-13T15:49:00","modified_gmt":"2026-01-13T15:49:00","slug":"5-cles-del-packing-en-barcelona-para-ecommerce","status":"publish","type":"post","link":"https:\/\/esffera.com\/blog\/fr\/5-cles-del-packing-en-barcelona-para-ecommerce\/","title":{"rendered":"5 cl\u00e9s pour l&#039;emballage \u00e0 Barcelone pour le commerce \u00e9lectronique"},"content":{"rendered":"<p>Em<strong><em>ballage<\/em> \u00e0 Barcelone <\/strong>contribue \u00e0 l&#8217;e-commerce avec des contributions de nature diff\u00e9rente. Il aide \u00e0 prot\u00e9ger un bien, faciliter le stockage, permettre la manipulation et accompagner sur le mouvement jusqu&#8217;\u00e0 atteindre l&#8217;utilisateur final. En outre, il identifie une marque avec la promotion de la pr\u00e9sence sur le march\u00e9 par une combinaison de conception fonctionnelle et de cr\u00e9ativit\u00e9<strong> logistiqu<\/strong>e.<\/p>\n<h2>Caract\u00e9ristiques d&#8217;emballage pour le commerce<em> \u00e9lectronique<\/em><\/h2>\n<p>Le <em><strong>commerce \u00e9le<\/strong><\/em>ctronique occupe presque les m\u00eames cat\u00e9gories que les \u0153uvres commerciales traditionnelles. Peu d&#8217;activit\u00e9s r\u00e9sistent \u00e0 ce nouveau moyen de contacter les offres avec le public cible. Dans cette vari\u00e9t\u00e9, vous pouvez voir les caract\u00e9ristiques suivantes qui d\u00e9limitent et marquent les lignes directrices suivies par les canaux de distribution:<\/p>\n<p>1. Les mat\u00e9riaux utilis\u00e9s sont d\u00e9termin\u00e9s par leurs qualit\u00e9s de force et de protection de l&#8217;achat. Ils influencent \u00e9galement le prix et les normes l\u00e9gales qui limitent l&#8217;utilisation d&#8217;emballages difficiles \u00e0 recycler. Ainsi, dans l&#8217;alimentation, ils suivent les orientations \u00e9nonc\u00e9<a href=\"http:\/\/foodforlife-spain.es\/meetingpack-2019-tendencias-envases-barrera-sostenibles-objetivo-h2030\/\" target=\"_blank\" rel=\"noopener noreferrer\">es dans l&#8217;objec<\/a>tif H2030 qui parie sur une \u00e9conomie circulaire, respectueuse de l&#8217;environnement et \u00e9conome en \u00e9nergie. En g\u00e9n\u00e9ral, le carton est l&#8217;un des mat\u00e9riaux les plus polyvalents et pratiques.<\/p>\n<p>2. L&#8217;emballage doit participer et multiplier agr\u00e9ablement les premi\u00e8res impressions et les exp\u00e9riences d&#8217;utilisation. Le<em> commerce <\/em>\u00e9lectronique est \u00e9troitement li\u00e9 au ph\u00e9nom\u00e8ne m\u00e9diatique d<em>u d\u00e9ball<\/em>age en tant que promoteur de vente. Dans ce domaine, l&#8217;emballage fait partie du premier contact avec le r\u00e9cepteur final. Il s&#8217;agit d&#8217;un outil efficace pour identifier la marque et laisser quelques signes dans cet \u00e9l\u00e9ment qui refl\u00e8tent ses valeurs.<\/p>\n<p>3. La gestion des retours n&#8217;est pas improvis\u00e9e, et en raison du volume des ventes, elle exige des solutions matures. Les chiffres \u00e9conomiques du commerce \u00e9lectronique ne cessent de cro\u00eetre. Vous savez que sur les dates annuelles les plus efficaces, il est traditionnel que les ventes faites dans l&#8217;\u00e9dition pr\u00e9c\u00e9dente sont d\u00e9pass\u00e9es.<\/p>\n<p>4. L&#8217;emballage doit collaborer aux op\u00e9rations de manutention ou d&#8217;automatisation des entrep\u00f4ts. La solution que vous trouvez \u00e0 cette fin ne doit pas n\u00e9gliger cette facette fonctionnelle des processus impliqu\u00e9s dans la distribution.<\/p>\n<p>5. L&#8217;emballage doit payer une adresse diff\u00e9renci\u00e9e \u00e0 chaque canal de distribution utilis\u00e9 et \u00e0 diff\u00e9rentes formes de pr\u00e9sentation. C&#8217;est une question importante lorsqu&#8217;il est possible de diviser le produit en unit\u00e9s volum\u00e9triques plus petites ou plus grandes.<\/p>\n<h2>Emballage \u00e0 Barcelone pour renforcer l&#8217;image de marque<\/h2>\n<p>Lorsque, en tant que client, vous recevez un produit, l&#8217;emb<strong>allage impl<\/strong>ique un acompte ou une phase d&#8217;introduction pour lui donner la premi\u00e8re utilisation. L&#8217;impact qu&#8217;il a sur le consommateur est triple. D&#8217;une part, il vous fournit un moyen confortable et agr\u00e9able pour votre transport. Il \u00e9met \u00e9galement des messages aux sens d&#8217;identification de la marque. Les couleurs, les textures et les motifs g\u00e9om\u00e9triques ne sont jamais al\u00e9atoires parce qu&#8217;ils transmettent des significations. Et enfin, il renforce la composante \u00e9motionnelle qui r\u00e9sout les besoins du client.<\/p>\n<p>L&#8217;<em>emballa<\/em>ge \u00e0 Barcelone correspond \u00e0 une zone urb<strong>aine bien reli\u00e9e et qui re<\/strong>\u00e7oit de multiples influences d&#8217;autres capitales europ\u00e9ennes. Ce n&#8217;est pas un obstacle pour le commerce de d\u00e9tail d&#8217;avoir ses propres particularit\u00e9s situ\u00e9es g\u00e9ographiquement et temporairement.<\/p>\n<p>Le <em>commerce \u00e9lect<\/em>ronique diffuse les meilleures conclusions sur ces sujets \u00e0 l&#8217;\u00e9chelle mondiale. Ce sc\u00e9nario mondialise et internationalise des solutions tr\u00e8s r\u00e9ussies, la concurrence est en quelque sorte oblig\u00e9e de ne pas \u00eatre laiss\u00e9e pour compte dans ce domaine<em> du market<\/em>ing appliqu\u00e9 \u00e0 la distribution<\/p>\n<h2>Comment choisir le meilleur emballage?<\/h2>\n<p>Afin que vous choisis<strong>siez le<em> meilleu<\/em><\/strong>r emballage, vous devez appliquer un crit\u00e8re uniforme, en conformit\u00e9 avec les strat\u00e9gies de marque de l&#8217;entreprise. Lorsque vous assistez aux caract\u00e9ristiques particuli\u00e8res du catalogue de produits, vous passez en revue les notes suivantes :<\/p>\n<p>1. <strong>Engagement \u00e9cologique et durable<\/strong>. C&#8217;est un aspect qui s&#8217;est r\u00e9pandu dans tous les secteurs de la vente au d\u00e9tail. Le souci de l&#8217;environnement et l&#8217;utilisation de mat\u00e9riaux \u00e0 faible impact tendent \u00e0 \u00eatre un principe fondamental et indispensable.<\/p>\n<p>2. <strong>Capacit\u00e9 de personnalisation<\/strong>. L&#8217;emballage peut \u00eatre r\u00e9gl\u00e9 sur les pr\u00e9f\u00e9rences des clients pour refl\u00e9ter les valeurs avec lesquelles ils se sentent identifi\u00e9s. \u00c0 ce stade, il s&#8217;agit de renforcer les composants \u00e9motionnels qui accompagnent l&#8217;achat.<\/p>\n<p>3. <strong>Emballage avec un fort caract\u00e8re corporatif. <\/strong>C&#8217;est quand vous avez une marque tr\u00e8s forte et l&#8217;emballage sert \u00e0 souligner l&#8217;origine diff\u00e9renci\u00e9e des produits qu&#8217;il prot\u00e8ge.<\/p>\n<p>4. <strong>Appliquez des mod\u00e8les tir\u00e9s de mod\u00e8les iconographi<\/strong>ques qui refl\u00e8tent un style de vie ou une qualit\u00e9 extraordinaire. Il s&#8217;agit d&#8217;emballages sp\u00e9ciaux pour les produits qui pr\u00e9tendent \u00eatre reconnus pour leur qualit\u00e9 et leur certaine exclusivit\u00e9 de consommation.<\/p>\n<p>5. <strong>Emballage qui participe \u00e0 un moule visuel reconnaissabl<\/strong>e avec une forte composante \u00e9motionnelle. Produits qui imitent les styles vint<em>age ou <\/em>inspir\u00e9s par l&#8217;histoire de la cin\u00e9matographie \u00abparticiper \u00e0 cette id\u00e9e de mar<em>keting po<\/em>ur aller sur le march\u00e9<\/p>\n<p>En conclusion, l&#8217;e<em>m<\/em><a href=\"https:\/\/esffera.com\/blog\/\" target=\"_blank\" rel=\"noopener noreferrer\"><em>ballage<\/em> \u00e0 Barcelone c<\/a>onverge avec les <strong>tendances pr\u00e9sentes dans le commerce de d\u00e9ta<\/strong>il d&#8217;autres villes internationales. Il combine un concert d&#8217;intentions visant \u00e0 promouvoir les ventes. La cr\u00e9ativit\u00e9 publicitaire cherche \u00e0 surprendre, mais sans perdre les qualit\u00e9s fonctionnelles qu&#8217;un emballage commercial doit poss\u00e9der. Nous aimerions conna\u00eetre vos impressions sur ces sujets, dans les commentaires que vous avez l&#8217;occasion de les exprimer.<\/p>\n<p><img fetchpriority=\"high\" decoding=\"async\" class=\"size-medium wp-image-4410 aligncenter\" src=\"https:\/\/esffera.com\/blog\/wp-content\/uploads\/2025\/12\/present-2891870_960_720-300x180.jpg\" alt=\"\" width=\"300\" height=\"180\" srcset=\"https:\/\/esffera.com\/blog\/wp-content\/uploads\/2025\/12\/present-2891870_960_720-300x180.jpg 300w, https:\/\/esffera.com\/blog\/wp-content\/uploads\/2025\/12\/present-2891870_960_720-768x461.jpg 768w, https:\/\/esffera.com\/blog\/wp-content\/uploads\/2025\/12\/present-2891870_960_720.jpg 960w\" sizes=\"(max-width: 300px) 100vw, 300px\" \/><\/p>\n","protected":false},"excerpt":{"rendered":"<p>Emballage \u00e0 Barcelone contribue \u00e0 l&#8217;e-commerce avec des contributions de nature diff\u00e9rente. Il aide \u00e0 prot\u00e9ger un bien, faciliter le stockage, permettre la manipulation et accompagner sur le mouvement jusqu&#8217;\u00e0 atteindre l&#8217;utilisateur\u2026<\/p>\n","protected":false},"author":1,"featured_media":4410,"comment_status":"closed","ping_status":"closed","sticky":false,"template":"","format":"standard","meta":{"postBodyCss":"","postBodyMargin":[],"postBodyPadding":[],"postBodyBackground":{"backgroundType":"classic","gradient":""},"footnotes":""},"categories":[10],"tags":[],"class_list":["post-3512","post","type-post","status-publish","format-standard","has-post-thumbnail","hentry","category-sin-categoria-fr"],"yoast_head":"<!-- This site is optimized with the Yoast SEO plugin v26.7 - https:\/\/yoast.com\/wordpress\/plugins\/seo\/ -->\n<title>5 cl\u00e9s pour l&#039;emballage \u00e0 Barcelone pour le commerce \u00e9lectronique - Esffera Blog<\/title>\n<meta name=\"robots\" content=\"index, follow, max-snippet:-1, max-image-preview:large, max-video-preview:-1\" \/>\n<link rel=\"canonical\" href=\"https:\/\/esffera.com\/blog\/fr\/5-cles-del-packing-en-barcelona-para-ecommerce\/\" \/>\n<meta property=\"og:locale\" content=\"es_ES\" \/>\n<meta property=\"og:type\" content=\"article\" \/>\n<meta property=\"og:title\" content=\"5 cl\u00e9s pour l&#039;emballage \u00e0 Barcelone pour le commerce \u00e9lectronique - Esffera Blog\" \/>\n<meta property=\"og:description\" content=\"Emballage \u00e0 Barcelone contribue \u00e0 l&#8217;e-commerce avec des contributions de nature diff\u00e9rente. Il aide \u00e0 prot\u00e9ger un bien, faciliter le stockage, permettre la manipulation et accompagner sur le mouvement jusqu&#8217;\u00e0 atteindre l&#8217;utilisateur\u2026\" \/>\n<meta property=\"og:url\" content=\"https:\/\/esffera.com\/blog\/fr\/5-cles-del-packing-en-barcelona-para-ecommerce\/\" \/>\n<meta property=\"og:site_name\" content=\"Esffera Blog\" \/>\n<meta property=\"article:published_time\" content=\"2025-12-16T14:37:49+00:00\" \/>\n<meta property=\"article:modified_time\" content=\"2026-01-13T15:49:00+00:00\" \/>\n<meta property=\"og:image\" content=\"https:\/\/esffera.com\/blog\/wp-content\/uploads\/2025\/12\/present-2891870_960_720.jpg\" \/>\n\t<meta property=\"og:image:width\" content=\"960\" \/>\n\t<meta property=\"og:image:height\" content=\"576\" \/>\n\t<meta property=\"og:image:type\" content=\"image\/jpeg\" \/>\n<meta name=\"author\" content=\"admin\" \/>\n<meta name=\"twitter:card\" content=\"summary_large_image\" \/>\n<meta name=\"twitter:label1\" content=\"Escrito por\" \/>\n\t<meta name=\"twitter:data1\" content=\"admin\" \/>\n\t<meta name=\"twitter:label2\" content=\"Tiempo de lectura\" \/>\n\t<meta name=\"twitter:data2\" content=\"4 minutos\" \/>\n<script type=\"application\/ld+json\" class=\"yoast-schema-graph\">{\"@context\":\"https:\/\/schema.org\",\"@graph\":[{\"@type\":\"Article\",\"@id\":\"https:\/\/esffera.com\/blog\/fr\/5-cles-del-packing-en-barcelona-para-ecommerce\/#article\",\"isPartOf\":{\"@id\":\"https:\/\/esffera.com\/blog\/fr\/5-cles-del-packing-en-barcelona-para-ecommerce\/\"},\"author\":{\"name\":\"admin\",\"@id\":\"https:\/\/esffera.com\/blog\/#\/schema\/person\/820f06ed7bba656d2566633b2cd43c58\"},\"headline\":\"5 cl\u00e9s pour l&#039;emballage \u00e0 Barcelone pour le commerce \u00e9lectronique\",\"datePublished\":\"2025-12-16T14:37:49+00:00\",\"dateModified\":\"2026-01-13T15:49:00+00:00\",\"mainEntityOfPage\":{\"@id\":\"https:\/\/esffera.com\/blog\/fr\/5-cles-del-packing-en-barcelona-para-ecommerce\/\"},\"wordCount\":965,\"publisher\":{\"@id\":\"https:\/\/esffera.com\/blog\/#organization\"},\"image\":{\"@id\":\"https:\/\/esffera.com\/blog\/fr\/5-cles-del-packing-en-barcelona-para-ecommerce\/#primaryimage\"},\"thumbnailUrl\":\"https:\/\/esffera.com\/blog\/wp-content\/uploads\/2025\/12\/present-2891870_960_720.jpg\",\"inLanguage\":\"es\"},{\"@type\":\"WebPage\",\"@id\":\"https:\/\/esffera.com\/blog\/fr\/5-cles-del-packing-en-barcelona-para-ecommerce\/\",\"url\":\"https:\/\/esffera.com\/blog\/fr\/5-cles-del-packing-en-barcelona-para-ecommerce\/\",\"name\":\"5 cl\u00e9s pour l&#039;emballage \u00e0 Barcelone pour le commerce \u00e9lectronique - Esffera Blog\",\"isPartOf\":{\"@id\":\"https:\/\/esffera.com\/blog\/#website\"},\"primaryImageOfPage\":{\"@id\":\"https:\/\/esffera.com\/blog\/fr\/5-cles-del-packing-en-barcelona-para-ecommerce\/#primaryimage\"},\"image\":{\"@id\":\"https:\/\/esffera.com\/blog\/fr\/5-cles-del-packing-en-barcelona-para-ecommerce\/#primaryimage\"},\"thumbnailUrl\":\"https:\/\/esffera.com\/blog\/wp-content\/uploads\/2025\/12\/present-2891870_960_720.jpg\",\"datePublished\":\"2025-12-16T14:37:49+00:00\",\"dateModified\":\"2026-01-13T15:49:00+00:00\",\"breadcrumb\":{\"@id\":\"https:\/\/esffera.com\/blog\/fr\/5-cles-del-packing-en-barcelona-para-ecommerce\/#breadcrumb\"},\"inLanguage\":\"es\",\"potentialAction\":[{\"@type\":\"ReadAction\",\"target\":[\"https:\/\/esffera.com\/blog\/fr\/5-cles-del-packing-en-barcelona-para-ecommerce\/\"]}]},{\"@type\":\"ImageObject\",\"inLanguage\":\"es\",\"@id\":\"https:\/\/esffera.com\/blog\/fr\/5-cles-del-packing-en-barcelona-para-ecommerce\/#primaryimage\",\"url\":\"https:\/\/esffera.com\/blog\/wp-content\/uploads\/2025\/12\/present-2891870_960_720.jpg\",\"contentUrl\":\"https:\/\/esffera.com\/blog\/wp-content\/uploads\/2025\/12\/present-2891870_960_720.jpg\",\"width\":960,\"height\":576},{\"@type\":\"BreadcrumbList\",\"@id\":\"https:\/\/esffera.com\/blog\/fr\/5-cles-del-packing-en-barcelona-para-ecommerce\/#breadcrumb\",\"itemListElement\":[{\"@type\":\"ListItem\",\"position\":1,\"name\":\"Portada\",\"item\":\"https:\/\/esffera.com\/blog\/\"},{\"@type\":\"ListItem\",\"position\":2,\"name\":\"5 cl\u00e9s pour l&#039;emballage \u00e0 Barcelone pour le commerce \u00e9lectronique\"}]},{\"@type\":\"WebSite\",\"@id\":\"https:\/\/esffera.com\/blog\/#website\",\"url\":\"https:\/\/esffera.com\/blog\/\",\"name\":\"Esffera Blog\",\"description\":\"\",\"publisher\":{\"@id\":\"https:\/\/esffera.com\/blog\/#organization\"},\"potentialAction\":[{\"@type\":\"SearchAction\",\"target\":{\"@type\":\"EntryPoint\",\"urlTemplate\":\"https:\/\/esffera.com\/blog\/?s={search_term_string}\"},\"query-input\":{\"@type\":\"PropertyValueSpecification\",\"valueRequired\":true,\"valueName\":\"search_term_string\"}}],\"inLanguage\":\"es\"},{\"@type\":\"Organization\",\"@id\":\"https:\/\/esffera.com\/blog\/#organization\",\"name\":\"Esffera Blog\",\"url\":\"https:\/\/esffera.com\/blog\/\",\"logo\":{\"@type\":\"ImageObject\",\"inLanguage\":\"es\",\"@id\":\"https:\/\/esffera.com\/blog\/#\/schema\/logo\/image\/\",\"url\":\"https:\/\/esffera.com\/blog\/wp-content\/uploads\/2025\/12\/logo-esffera-negro.png\",\"contentUrl\":\"https:\/\/esffera.com\/blog\/wp-content\/uploads\/2025\/12\/logo-esffera-negro.png\",\"width\":798,\"height\":321,\"caption\":\"Esffera Blog\"},\"image\":{\"@id\":\"https:\/\/esffera.com\/blog\/#\/schema\/logo\/image\/\"},\"sameAs\":[\"https:\/\/www.tiktok.com\/@esfferatecnologistics\",\"https:\/\/www.linkedin.com\/company\/esffera-tecnologistics\",\"https:\/\/www.instagram.com\/esfferatecnologistics\/\"]},{\"@type\":\"Person\",\"@id\":\"https:\/\/esffera.com\/blog\/#\/schema\/person\/820f06ed7bba656d2566633b2cd43c58\",\"name\":\"admin\",\"image\":{\"@type\":\"ImageObject\",\"inLanguage\":\"es\",\"@id\":\"https:\/\/esffera.com\/blog\/#\/schema\/person\/image\/\",\"url\":\"https:\/\/secure.gravatar.com\/avatar\/aa0035bf7bdeb3438023d75f2e53baba3919802ff16918755455ebee6f9ddadb?s=96&d=mm&r=g\",\"contentUrl\":\"https:\/\/secure.gravatar.com\/avatar\/aa0035bf7bdeb3438023d75f2e53baba3919802ff16918755455ebee6f9ddadb?s=96&d=mm&r=g\",\"caption\":\"admin\"},\"sameAs\":[\"https:\/\/esffera.com\/blog\"],\"url\":\"https:\/\/esffera.com\/blog\/author\/esfferaadm2998\/\"}]}<\/script>\n<!-- \/ Yoast SEO plugin. -->","yoast_head_json":{"title":"5 cl\u00e9s pour l&#039;emballage \u00e0 Barcelone pour le commerce \u00e9lectronique - Esffera Blog","robots":{"index":"index","follow":"follow","max-snippet":"max-snippet:-1","max-image-preview":"max-image-preview:large","max-video-preview":"max-video-preview:-1"},"canonical":"https:\/\/esffera.com\/blog\/fr\/5-cles-del-packing-en-barcelona-para-ecommerce\/","og_locale":"es_ES","og_type":"article","og_title":"5 cl\u00e9s pour l&#039;emballage \u00e0 Barcelone pour le commerce \u00e9lectronique - Esffera Blog","og_description":"Emballage \u00e0 Barcelone contribue \u00e0 l&#8217;e-commerce avec des contributions de nature diff\u00e9rente. Il aide \u00e0 prot\u00e9ger un bien, faciliter le stockage, permettre la manipulation et accompagner sur le mouvement jusqu&#8217;\u00e0 atteindre l&#8217;utilisateur\u2026","og_url":"https:\/\/esffera.com\/blog\/fr\/5-cles-del-packing-en-barcelona-para-ecommerce\/","og_site_name":"Esffera Blog","article_published_time":"2025-12-16T14:37:49+00:00","article_modified_time":"2026-01-13T15:49:00+00:00","og_image":[{"width":960,"height":576,"url":"https:\/\/esffera.com\/blog\/wp-content\/uploads\/2025\/12\/present-2891870_960_720.jpg","type":"image\/jpeg"}],"author":"admin","twitter_card":"summary_large_image","twitter_misc":{"Escrito por":"admin","Tiempo de lectura":"4 minutos"},"schema":{"@context":"https:\/\/schema.org","@graph":[{"@type":"Article","@id":"https:\/\/esffera.com\/blog\/fr\/5-cles-del-packing-en-barcelona-para-ecommerce\/#article","isPartOf":{"@id":"https:\/\/esffera.com\/blog\/fr\/5-cles-del-packing-en-barcelona-para-ecommerce\/"},"author":{"name":"admin","@id":"https:\/\/esffera.com\/blog\/#\/schema\/person\/820f06ed7bba656d2566633b2cd43c58"},"headline":"5 cl\u00e9s pour l&#039;emballage \u00e0 Barcelone pour le commerce \u00e9lectronique","datePublished":"2025-12-16T14:37:49+00:00","dateModified":"2026-01-13T15:49:00+00:00","mainEntityOfPage":{"@id":"https:\/\/esffera.com\/blog\/fr\/5-cles-del-packing-en-barcelona-para-ecommerce\/"},"wordCount":965,"publisher":{"@id":"https:\/\/esffera.com\/blog\/#organization"},"image":{"@id":"https:\/\/esffera.com\/blog\/fr\/5-cles-del-packing-en-barcelona-para-ecommerce\/#primaryimage"},"thumbnailUrl":"https:\/\/esffera.com\/blog\/wp-content\/uploads\/2025\/12\/present-2891870_960_720.jpg","inLanguage":"es"},{"@type":"WebPage","@id":"https:\/\/esffera.com\/blog\/fr\/5-cles-del-packing-en-barcelona-para-ecommerce\/","url":"https:\/\/esffera.com\/blog\/fr\/5-cles-del-packing-en-barcelona-para-ecommerce\/","name":"5 cl\u00e9s pour l&#039;emballage \u00e0 Barcelone pour le commerce \u00e9lectronique - Esffera Blog","isPartOf":{"@id":"https:\/\/esffera.com\/blog\/#website"},"primaryImageOfPage":{"@id":"https:\/\/esffera.com\/blog\/fr\/5-cles-del-packing-en-barcelona-para-ecommerce\/#primaryimage"},"image":{"@id":"https:\/\/esffera.com\/blog\/fr\/5-cles-del-packing-en-barcelona-para-ecommerce\/#primaryimage"},"thumbnailUrl":"https:\/\/esffera.com\/blog\/wp-content\/uploads\/2025\/12\/present-2891870_960_720.jpg","datePublished":"2025-12-16T14:37:49+00:00","dateModified":"2026-01-13T15:49:00+00:00","breadcrumb":{"@id":"https:\/\/esffera.com\/blog\/fr\/5-cles-del-packing-en-barcelona-para-ecommerce\/#breadcrumb"},"inLanguage":"es","potentialAction":[{"@type":"ReadAction","target":["https:\/\/esffera.com\/blog\/fr\/5-cles-del-packing-en-barcelona-para-ecommerce\/"]}]},{"@type":"ImageObject","inLanguage":"es","@id":"https:\/\/esffera.com\/blog\/fr\/5-cles-del-packing-en-barcelona-para-ecommerce\/#primaryimage","url":"https:\/\/esffera.com\/blog\/wp-content\/uploads\/2025\/12\/present-2891870_960_720.jpg","contentUrl":"https:\/\/esffera.com\/blog\/wp-content\/uploads\/2025\/12\/present-2891870_960_720.jpg","width":960,"height":576},{"@type":"BreadcrumbList","@id":"https:\/\/esffera.com\/blog\/fr\/5-cles-del-packing-en-barcelona-para-ecommerce\/#breadcrumb","itemListElement":[{"@type":"ListItem","position":1,"name":"Portada","item":"https:\/\/esffera.com\/blog\/"},{"@type":"ListItem","position":2,"name":"5 cl\u00e9s pour l&#039;emballage \u00e0 Barcelone pour le commerce \u00e9lectronique"}]},{"@type":"WebSite","@id":"https:\/\/esffera.com\/blog\/#website","url":"https:\/\/esffera.com\/blog\/","name":"Esffera Blog","description":"","publisher":{"@id":"https:\/\/esffera.com\/blog\/#organization"},"potentialAction":[{"@type":"SearchAction","target":{"@type":"EntryPoint","urlTemplate":"https:\/\/esffera.com\/blog\/?s={search_term_string}"},"query-input":{"@type":"PropertyValueSpecification","valueRequired":true,"valueName":"search_term_string"}}],"inLanguage":"es"},{"@type":"Organization","@id":"https:\/\/esffera.com\/blog\/#organization","name":"Esffera Blog","url":"https:\/\/esffera.com\/blog\/","logo":{"@type":"ImageObject","inLanguage":"es","@id":"https:\/\/esffera.com\/blog\/#\/schema\/logo\/image\/","url":"https:\/\/esffera.com\/blog\/wp-content\/uploads\/2025\/12\/logo-esffera-negro.png","contentUrl":"https:\/\/esffera.com\/blog\/wp-content\/uploads\/2025\/12\/logo-esffera-negro.png","width":798,"height":321,"caption":"Esffera Blog"},"image":{"@id":"https:\/\/esffera.com\/blog\/#\/schema\/logo\/image\/"},"sameAs":["https:\/\/www.tiktok.com\/@esfferatecnologistics","https:\/\/www.linkedin.com\/company\/esffera-tecnologistics","https:\/\/www.instagram.com\/esfferatecnologistics\/"]},{"@type":"Person","@id":"https:\/\/esffera.com\/blog\/#\/schema\/person\/820f06ed7bba656d2566633b2cd43c58","name":"admin","image":{"@type":"ImageObject","inLanguage":"es","@id":"https:\/\/esffera.com\/blog\/#\/schema\/person\/image\/","url":"https:\/\/secure.gravatar.com\/avatar\/aa0035bf7bdeb3438023d75f2e53baba3919802ff16918755455ebee6f9ddadb?s=96&d=mm&r=g","contentUrl":"https:\/\/secure.gravatar.com\/avatar\/aa0035bf7bdeb3438023d75f2e53baba3919802ff16918755455ebee6f9ddadb?s=96&d=mm&r=g","caption":"admin"},"sameAs":["https:\/\/esffera.com\/blog"],"url":"https:\/\/esffera.com\/blog\/author\/esfferaadm2998\/"}]}},"_links":{"self":[{"href":"https:\/\/esffera.com\/blog\/wp-json\/wp\/v2\/posts\/3512","targetHints":{"allow":["GET"]}}],"collection":[{"href":"https:\/\/esffera.com\/blog\/wp-json\/wp\/v2\/posts"}],"about":[{"href":"https:\/\/esffera.com\/blog\/wp-json\/wp\/v2\/types\/post"}],"author":[{"embeddable":true,"href":"https:\/\/esffera.com\/blog\/wp-json\/wp\/v2\/users\/1"}],"replies":[{"embeddable":true,"href":"https:\/\/esffera.com\/blog\/wp-json\/wp\/v2\/comments?post=3512"}],"version-history":[{"count":2,"href":"https:\/\/esffera.com\/blog\/wp-json\/wp\/v2\/posts\/3512\/revisions"}],"predecessor-version":[{"id":4569,"href":"https:\/\/esffera.com\/blog\/wp-json\/wp\/v2\/posts\/3512\/revisions\/4569"}],"wp:featuredmedia":[{"embeddable":true,"href":"https:\/\/esffera.com\/blog\/wp-json\/wp\/v2\/media\/4410"}],"wp:attachment":[{"href":"https:\/\/esffera.com\/blog\/wp-json\/wp\/v2\/media?parent=3512"}],"wp:term":[{"taxonomy":"category","embeddable":true,"href":"https:\/\/esffera.com\/blog\/wp-json\/wp\/v2\/categories?post=3512"},{"taxonomy":"post_tag","embeddable":true,"href":"https:\/\/esffera.com\/blog\/wp-json\/wp\/v2\/tags?post=3512"}],"curies":[{"name":"wp","href":"https:\/\/api.w.org\/{rel}","templated":true}]}}