{"id":3513,"date":"2025-12-16T14:37:50","date_gmt":"2025-12-16T14:37:50","guid":{"rendered":"https:\/\/www.galyco.com\/?p=3465"},"modified":"2026-01-22T08:01:43","modified_gmt":"2026-01-22T08:01:43","slug":"totes-les-claus-de-la-logistica-de-el-frio-en-farmacies","status":"publish","type":"post","link":"https:\/\/esffera.com\/blog\/ca\/totes-les-claus-de-la-logistica-de-el-frio-en-farmacies\/","title":{"rendered":"Totes les claus de la log\u00edstica freda a les farm\u00e0cies"},"content":{"rendered":"<p>La<strong> log\u00edstica freda<\/strong> \u00e9s un element indispensable per a la ind\u00fastria farmac\u00e8utica, ja que l&#8217;\u00fas de f\u00e0rmacs gen\u00e8rics, aplicacions de la biotecnologia i l&#8217;auge de la medicina personalitzada estan augmentant.<\/p>\n<p>Si vols saber m\u00e9s sobre aquest servei i les seves aplicacions, no dubtis a seguir llegint aquest article sobre c<strong>om assegurar el tractament dels productes <\/strong>amb l&#8217;atenci\u00f3 especialitzada que requereixen.<\/p>\n<h2>Qu\u00e8 \u00e9s la log\u00edstica freda?<\/h2>\n<p>La log\u00edstica freda s\u00f3n conegudes per r<strong>efrigeracions o productes de congelaci\u00f3. <\/strong>Es tracta d&#8217;un concepte que fa refer\u00e8ncia a una agrupaci\u00f3 d&#8217;elements i activitats que s\u00f3n essencials per garantir que la qualitat de l&#8217;alimentaci\u00f3, els productes m\u00e8dics o els farmac\u00e8utics es mantinguin durant tot el proc\u00e9s. Aquest m\u00e8tode provoca que les temperatures es baixin per inhibi<strong>r el desenvolupament i l&#8217;abund\u00e0ncia de microbis i<\/strong> agents que els modifiquen.<\/p>\n<p>Aquests elements consisteixen en el transport actiu primari i secundari, cambres frigor\u00edfiques, \u00e0rees d&#8217;emmagatzematge i els laterals de vendes.\u00a0Vost\u00e8 ha de sab<strong>er que l&#8217;element clau en aquest tipus de log\u00edstica \u00e9s el tr<\/strong>ansport, ja que \u00e9s el que pot generar el major perill per diferents raons com l&#8217;aturada del vehicle o el p\u00e8ssim funcionament de la nevera.<\/p>\n<p>Avui en dia, les l\u00ednies de transport que es dediquen a la cadena de fred s\u00f3n escasses i intenten desenvolupar m\u00e9s oportunitats de futur.<\/p>\n<h2>Aplicaci\u00f3 de la log\u00edstica freda en Farm\u00e0cia<\/h2>\n<p>La cadena de subministrament de temperatura controlada en Farm\u00e0ci<strong>a log\u00edst<\/strong>ica assegura que el producte rebut pel consumidor ha complert les temperatures necess\u00e0ries per garantir la qualitat.<\/p>\n<p>Actualment, hi ha molts medica<strong>ments que n<\/strong>ecessiten un control de temperatura per al manteniment o la cura dels mateixos. Segons l<a href=\"https:\/\/www.who.int\/es\" target=\"_blank\" rel=\"noopener noreferrer\">&#8216;OM<\/a>S, les vacunes, els preparats biol\u00f2gics i els materials relacionats amb els trasplantaments, la reproducci\u00f3 i l&#8217;an\u00e0lisi cl\u00ednica s\u00f3n els m\u00e9s reconeguts.<\/p>\n<p>Les<strong> temperatures m\u00e9s comunes en la cadena de fred d&#8217;emmagatzematg<\/strong>e s\u00f3n els seg\u00fcents:<\/p>\n<p>-Entre 20 i 23 oC per a productes que nom\u00e9s necessiten un lleuger refredament amb ambient humit.<\/p>\n<p>-Entre 2 i 8 oC per a medicaments que necessitin refrigeraci\u00f3 total.<\/p>\n<p>-Sobre-20 oC per a productes congelats.<\/p>\n<p>-Aproximadament-70oC per a di\u00f2xid de carboni d&#8217;estat s\u00f2lid.<\/p>\n<p>-Sobre-190 oC per a productes com el nitrogen l\u00edquid criog\u00e8nic.<\/p>\n<p>Aquest tipus de cadena engloba la producci\u00f3, el transport, l&#8217;emmagatzematge, la venda i el consum del pacient, tenint en compte que <strong>normalment \u00e9s gestionada per un operador log\u00edstic comple<\/strong>t.<\/p>\n<h2>Planificaci\u00f3 de la log\u00edstica freda farmac\u00e8utica<\/h2>\n<p>Per a l<strong>a planificaci\u00f3 de l&#8217;emmagatzema<\/strong>tge i posterior distribuci\u00f3 del material del sector farmac\u00e8utic, cal tenir en compte una s\u00e8rie de criteris addicionals que no s&#8217;han de tenir en compte en les unitats log\u00edstiques convencionals.<\/p>\n<p>Totes les \u00e0ree<strong>s han d&#8217;estar perfectament qualificades des de l&#8217;i<\/strong>nici de la planificaci\u00f3, prestant especial atenci\u00f3 al control del clima, control d&#8217;accessos i zones d&#8217;entrada, i canvis en el flux de material a la zona de producci\u00f3.<\/p>\n<p>Aqu\u00ed hi ha les fases del proc\u00e9s de planificaci\u00f3.<\/p>\n<h3>Unitats log\u00edstiques controlades a temperatura<\/h3>\n<p>En el camp farmac\u00e8utic, la temperatura \u00e9s de vital import\u00e0ncia en l&#8217;emmagatzematge de productes. La primera fase del proc\u00e9s de planificaci\u00f3 \u00e9s l&#8217;avaluaci\u00f3 de la normativa vigent en mat\u00e8ria d<strong>&#8216;higiene i temperatura de les habitacions<\/strong>. La llei estableix que no es permet l&#8217;emmagatzematge de materials amb diferents classes de risc i toxicitat. Per tant, cal establir diferents compartiments per a cada rang de temperatura.<\/p>\n<h3>Avaluaci\u00f3 de dades<\/h3>\n<p>Una vegada que els diferents rangs de temperatura s&#8217;estableixen en funci\u00f3 dels materials a emmagatzemar, el seg\u00fcent pas \u00e9s transformar les dades de la base de dades en informaci\u00f3. \u00c9s important estimar amb precisi\u00f3 la demanda per garantir un rendiment din\u00e0mic i adaptar la cap<strong>acitat de la unitat log\u00edstica<\/strong>. A m\u00e9s, hem d&#8217;anticipar-nos a les necessitats futures del mercat, analitzant els punts forts i les amenaces, aix\u00ed com els canvis en cada \u00e0rea.<\/p>\n<h3>Planificaci\u00f3 de magatzems<\/h3>\n<p>Tots els requisits que s&#8217;apliquen en el proc\u00e9s de planificaci\u00f3 del magatzem han de tenir en compte els riscos potencials: vies navegables, subst\u00e0ncies t\u00f2xiques o perilloses. Un element diferenciador essencial en els magatzems combinats \u00e9s l<strong>a divisi\u00f3 de productes acabats p<\/strong>er tenir, d&#8217;una banda, la distribuci\u00f3 de mat\u00e8ries primeres i, d&#8217;altra banda, la producci\u00f3.<\/p>\n<h3>Normes de qualificaci\u00f3<\/h3>\n<p>I finalment, es tracta de l&#8217;equilibri \u00f2ptim entre els sistemes l<strong>og\u00edstics, els edificis i els processos<\/strong>. La qualificaci\u00f3 del disseny \u00e9s essencial, ja que estableix la base per a una major planificaci\u00f3. Durant el proc\u00e9s de validaci\u00f3, tots els actors implicats han de tenir en compte que els est\u00e0ndards de construcci\u00f3 del sector farmac\u00e8utic s\u00f3n exclusius i no generals.<\/p>\n<p>Vine a con\u00e8ixer les diferents s<strong>o<a href=\"http:\/\/www.esffera.com\/\" target=\"_blank\" rel=\"noopener noreferrer\">lucions log\u00edstiques <\/a><\/strong>per a l&#8217;organitzaci\u00f3 del subministrament i distribuci\u00f3 dels teus productes farmac\u00e8utics amb la log\u00edstica del fred que et podem oferir. No pensi-hi per un altre segon!<\/p>\n<p><img fetchpriority=\"high\" decoding=\"async\" class=\"alignnone size-medium\" src=\"https:\/\/esffera.com\/blog\/wp-content\/uploads\/2025\/12\/pills-858180_960_720.jpg\" width=\"960\" height=\"640\" \/><\/p>\n","protected":false},"excerpt":{"rendered":"<p>La log\u00edstica freda \u00e9s un element indispensable per a la ind\u00fastria farmac\u00e8utica, ja que l&#8217;\u00fas de f\u00e0rmacs gen\u00e8rics, aplicacions de la biotecnologia i l&#8217;auge de la medicina personalitzada estan augmentant. Si vols\u2026<\/p>\n","protected":false},"author":1,"featured_media":4413,"comment_status":"closed","ping_status":"closed","sticky":false,"template":"","format":"standard","meta":{"postBodyCss":"","postBodyMargin":[],"postBodyPadding":[],"postBodyBackground":{"backgroundType":"classic","gradient":""},"footnotes":""},"categories":[1],"tags":[],"class_list":["post-3513","post","type-post","status-publish","format-standard","has-post-thumbnail","hentry","category-uncategorized"],"yoast_head":"<!-- This site is optimized with the Yoast SEO plugin v26.7 - https:\/\/yoast.com\/wordpress\/plugins\/seo\/ -->\n<title>Totes les claus de la log\u00edstica freda a les farm\u00e0cies - Esffera Blog<\/title>\n<meta name=\"robots\" content=\"index, follow, max-snippet:-1, max-image-preview:large, max-video-preview:-1\" \/>\n<link rel=\"canonical\" href=\"https:\/\/esffera.com\/blog\/ca\/totes-les-claus-de-la-logistica-de-el-frio-en-farmacies\/\" \/>\n<meta property=\"og:locale\" content=\"es_ES\" \/>\n<meta property=\"og:type\" content=\"article\" \/>\n<meta property=\"og:title\" content=\"Totes les claus de la log\u00edstica freda a les farm\u00e0cies - Esffera Blog\" \/>\n<meta property=\"og:description\" content=\"La log\u00edstica freda \u00e9s un element indispensable per a la ind\u00fastria farmac\u00e8utica, ja que l&#8217;\u00fas de f\u00e0rmacs gen\u00e8rics, aplicacions de la biotecnologia i l&#8217;auge de la medicina personalitzada estan augmentant. Si vols\u2026\" \/>\n<meta property=\"og:url\" content=\"https:\/\/esffera.com\/blog\/ca\/totes-les-claus-de-la-logistica-de-el-frio-en-farmacies\/\" \/>\n<meta property=\"og:site_name\" content=\"Esffera Blog\" \/>\n<meta property=\"article:published_time\" content=\"2025-12-16T14:37:50+00:00\" \/>\n<meta property=\"article:modified_time\" content=\"2026-01-22T08:01:43+00:00\" \/>\n<meta property=\"og:image\" content=\"https:\/\/esffera.com\/blog\/wp-content\/uploads\/2025\/12\/pills-858180_960_720.jpg\" \/>\n\t<meta property=\"og:image:width\" content=\"960\" \/>\n\t<meta property=\"og:image:height\" content=\"640\" \/>\n\t<meta property=\"og:image:type\" content=\"image\/jpeg\" \/>\n<meta name=\"author\" content=\"admin\" \/>\n<meta name=\"twitter:card\" content=\"summary_large_image\" \/>\n<meta name=\"twitter:label1\" content=\"Escrito por\" \/>\n\t<meta name=\"twitter:data1\" content=\"admin\" \/>\n\t<meta name=\"twitter:label2\" content=\"Tiempo de lectura\" \/>\n\t<meta name=\"twitter:data2\" content=\"5 minutos\" \/>\n<script type=\"application\/ld+json\" class=\"yoast-schema-graph\">{\"@context\":\"https:\/\/schema.org\",\"@graph\":[{\"@type\":\"Article\",\"@id\":\"https:\/\/esffera.com\/blog\/ca\/totes-les-claus-de-la-logistica-de-el-frio-en-farmacies\/#article\",\"isPartOf\":{\"@id\":\"https:\/\/esffera.com\/blog\/ca\/totes-les-claus-de-la-logistica-de-el-frio-en-farmacies\/\"},\"author\":{\"name\":\"admin\",\"@id\":\"https:\/\/esffera.com\/blog\/#\/schema\/person\/820f06ed7bba656d2566633b2cd43c58\"},\"headline\":\"Totes les claus de la log\u00edstica freda a les farm\u00e0cies\",\"datePublished\":\"2025-12-16T14:37:50+00:00\",\"dateModified\":\"2026-01-22T08:01:43+00:00\",\"mainEntityOfPage\":{\"@id\":\"https:\/\/esffera.com\/blog\/ca\/totes-les-claus-de-la-logistica-de-el-frio-en-farmacies\/\"},\"wordCount\":878,\"publisher\":{\"@id\":\"https:\/\/esffera.com\/blog\/#organization\"},\"image\":{\"@id\":\"https:\/\/esffera.com\/blog\/ca\/totes-les-claus-de-la-logistica-de-el-frio-en-farmacies\/#primaryimage\"},\"thumbnailUrl\":\"https:\/\/esffera.com\/blog\/wp-content\/uploads\/2025\/12\/pills-858180_960_720.jpg\",\"articleSection\":[\"Uncategorized\"],\"inLanguage\":\"es\"},{\"@type\":\"WebPage\",\"@id\":\"https:\/\/esffera.com\/blog\/ca\/totes-les-claus-de-la-logistica-de-el-frio-en-farmacies\/\",\"url\":\"https:\/\/esffera.com\/blog\/ca\/totes-les-claus-de-la-logistica-de-el-frio-en-farmacies\/\",\"name\":\"Totes les claus de la log\u00edstica freda a les farm\u00e0cies - Esffera Blog\",\"isPartOf\":{\"@id\":\"https:\/\/esffera.com\/blog\/#website\"},\"primaryImageOfPage\":{\"@id\":\"https:\/\/esffera.com\/blog\/ca\/totes-les-claus-de-la-logistica-de-el-frio-en-farmacies\/#primaryimage\"},\"image\":{\"@id\":\"https:\/\/esffera.com\/blog\/ca\/totes-les-claus-de-la-logistica-de-el-frio-en-farmacies\/#primaryimage\"},\"thumbnailUrl\":\"https:\/\/esffera.com\/blog\/wp-content\/uploads\/2025\/12\/pills-858180_960_720.jpg\",\"datePublished\":\"2025-12-16T14:37:50+00:00\",\"dateModified\":\"2026-01-22T08:01:43+00:00\",\"breadcrumb\":{\"@id\":\"https:\/\/esffera.com\/blog\/ca\/totes-les-claus-de-la-logistica-de-el-frio-en-farmacies\/#breadcrumb\"},\"inLanguage\":\"es\",\"potentialAction\":[{\"@type\":\"ReadAction\",\"target\":[\"https:\/\/esffera.com\/blog\/ca\/totes-les-claus-de-la-logistica-de-el-frio-en-farmacies\/\"]}]},{\"@type\":\"ImageObject\",\"inLanguage\":\"es\",\"@id\":\"https:\/\/esffera.com\/blog\/ca\/totes-les-claus-de-la-logistica-de-el-frio-en-farmacies\/#primaryimage\",\"url\":\"https:\/\/esffera.com\/blog\/wp-content\/uploads\/2025\/12\/pills-858180_960_720.jpg\",\"contentUrl\":\"https:\/\/esffera.com\/blog\/wp-content\/uploads\/2025\/12\/pills-858180_960_720.jpg\",\"width\":960,\"height\":640},{\"@type\":\"BreadcrumbList\",\"@id\":\"https:\/\/esffera.com\/blog\/ca\/totes-les-claus-de-la-logistica-de-el-frio-en-farmacies\/#breadcrumb\",\"itemListElement\":[{\"@type\":\"ListItem\",\"position\":1,\"name\":\"Portada\",\"item\":\"https:\/\/esffera.com\/blog\/\"},{\"@type\":\"ListItem\",\"position\":2,\"name\":\"Totes les claus de la log\u00edstica freda a les farm\u00e0cies\"}]},{\"@type\":\"WebSite\",\"@id\":\"https:\/\/esffera.com\/blog\/#website\",\"url\":\"https:\/\/esffera.com\/blog\/\",\"name\":\"Esffera Blog\",\"description\":\"\",\"publisher\":{\"@id\":\"https:\/\/esffera.com\/blog\/#organization\"},\"potentialAction\":[{\"@type\":\"SearchAction\",\"target\":{\"@type\":\"EntryPoint\",\"urlTemplate\":\"https:\/\/esffera.com\/blog\/?s={search_term_string}\"},\"query-input\":{\"@type\":\"PropertyValueSpecification\",\"valueRequired\":true,\"valueName\":\"search_term_string\"}}],\"inLanguage\":\"es\"},{\"@type\":\"Organization\",\"@id\":\"https:\/\/esffera.com\/blog\/#organization\",\"name\":\"Esffera Blog\",\"url\":\"https:\/\/esffera.com\/blog\/\",\"logo\":{\"@type\":\"ImageObject\",\"inLanguage\":\"es\",\"@id\":\"https:\/\/esffera.com\/blog\/#\/schema\/logo\/image\/\",\"url\":\"https:\/\/esffera.com\/blog\/wp-content\/uploads\/2025\/12\/logo-esffera-negro.png\",\"contentUrl\":\"https:\/\/esffera.com\/blog\/wp-content\/uploads\/2025\/12\/logo-esffera-negro.png\",\"width\":798,\"height\":321,\"caption\":\"Esffera Blog\"},\"image\":{\"@id\":\"https:\/\/esffera.com\/blog\/#\/schema\/logo\/image\/\"},\"sameAs\":[\"https:\/\/www.tiktok.com\/@esfferatecnologistics\",\"https:\/\/www.linkedin.com\/company\/esffera-tecnologistics\",\"https:\/\/www.instagram.com\/esfferatecnologistics\/\"]},{\"@type\":\"Person\",\"@id\":\"https:\/\/esffera.com\/blog\/#\/schema\/person\/820f06ed7bba656d2566633b2cd43c58\",\"name\":\"admin\",\"image\":{\"@type\":\"ImageObject\",\"inLanguage\":\"es\",\"@id\":\"https:\/\/esffera.com\/blog\/#\/schema\/person\/image\/\",\"url\":\"https:\/\/secure.gravatar.com\/avatar\/aa0035bf7bdeb3438023d75f2e53baba3919802ff16918755455ebee6f9ddadb?s=96&d=mm&r=g\",\"contentUrl\":\"https:\/\/secure.gravatar.com\/avatar\/aa0035bf7bdeb3438023d75f2e53baba3919802ff16918755455ebee6f9ddadb?s=96&d=mm&r=g\",\"caption\":\"admin\"},\"sameAs\":[\"https:\/\/esffera.com\/blog\"],\"url\":\"https:\/\/esffera.com\/blog\/author\/esfferaadm2998\/\"}]}<\/script>\n<!-- \/ Yoast SEO plugin. -->","yoast_head_json":{"title":"Totes les claus de la log\u00edstica freda a les farm\u00e0cies - Esffera Blog","robots":{"index":"index","follow":"follow","max-snippet":"max-snippet:-1","max-image-preview":"max-image-preview:large","max-video-preview":"max-video-preview:-1"},"canonical":"https:\/\/esffera.com\/blog\/ca\/totes-les-claus-de-la-logistica-de-el-frio-en-farmacies\/","og_locale":"es_ES","og_type":"article","og_title":"Totes les claus de la log\u00edstica freda a les farm\u00e0cies - Esffera Blog","og_description":"La log\u00edstica freda \u00e9s un element indispensable per a la ind\u00fastria farmac\u00e8utica, ja que l&#8217;\u00fas de f\u00e0rmacs gen\u00e8rics, aplicacions de la biotecnologia i l&#8217;auge de la medicina personalitzada estan augmentant. Si vols\u2026","og_url":"https:\/\/esffera.com\/blog\/ca\/totes-les-claus-de-la-logistica-de-el-frio-en-farmacies\/","og_site_name":"Esffera Blog","article_published_time":"2025-12-16T14:37:50+00:00","article_modified_time":"2026-01-22T08:01:43+00:00","og_image":[{"width":960,"height":640,"url":"https:\/\/esffera.com\/blog\/wp-content\/uploads\/2025\/12\/pills-858180_960_720.jpg","type":"image\/jpeg"}],"author":"admin","twitter_card":"summary_large_image","twitter_misc":{"Escrito por":"admin","Tiempo de lectura":"5 minutos"},"schema":{"@context":"https:\/\/schema.org","@graph":[{"@type":"Article","@id":"https:\/\/esffera.com\/blog\/ca\/totes-les-claus-de-la-logistica-de-el-frio-en-farmacies\/#article","isPartOf":{"@id":"https:\/\/esffera.com\/blog\/ca\/totes-les-claus-de-la-logistica-de-el-frio-en-farmacies\/"},"author":{"name":"admin","@id":"https:\/\/esffera.com\/blog\/#\/schema\/person\/820f06ed7bba656d2566633b2cd43c58"},"headline":"Totes les claus de la log\u00edstica freda a les farm\u00e0cies","datePublished":"2025-12-16T14:37:50+00:00","dateModified":"2026-01-22T08:01:43+00:00","mainEntityOfPage":{"@id":"https:\/\/esffera.com\/blog\/ca\/totes-les-claus-de-la-logistica-de-el-frio-en-farmacies\/"},"wordCount":878,"publisher":{"@id":"https:\/\/esffera.com\/blog\/#organization"},"image":{"@id":"https:\/\/esffera.com\/blog\/ca\/totes-les-claus-de-la-logistica-de-el-frio-en-farmacies\/#primaryimage"},"thumbnailUrl":"https:\/\/esffera.com\/blog\/wp-content\/uploads\/2025\/12\/pills-858180_960_720.jpg","articleSection":["Uncategorized"],"inLanguage":"es"},{"@type":"WebPage","@id":"https:\/\/esffera.com\/blog\/ca\/totes-les-claus-de-la-logistica-de-el-frio-en-farmacies\/","url":"https:\/\/esffera.com\/blog\/ca\/totes-les-claus-de-la-logistica-de-el-frio-en-farmacies\/","name":"Totes les claus de la log\u00edstica freda a les farm\u00e0cies - Esffera Blog","isPartOf":{"@id":"https:\/\/esffera.com\/blog\/#website"},"primaryImageOfPage":{"@id":"https:\/\/esffera.com\/blog\/ca\/totes-les-claus-de-la-logistica-de-el-frio-en-farmacies\/#primaryimage"},"image":{"@id":"https:\/\/esffera.com\/blog\/ca\/totes-les-claus-de-la-logistica-de-el-frio-en-farmacies\/#primaryimage"},"thumbnailUrl":"https:\/\/esffera.com\/blog\/wp-content\/uploads\/2025\/12\/pills-858180_960_720.jpg","datePublished":"2025-12-16T14:37:50+00:00","dateModified":"2026-01-22T08:01:43+00:00","breadcrumb":{"@id":"https:\/\/esffera.com\/blog\/ca\/totes-les-claus-de-la-logistica-de-el-frio-en-farmacies\/#breadcrumb"},"inLanguage":"es","potentialAction":[{"@type":"ReadAction","target":["https:\/\/esffera.com\/blog\/ca\/totes-les-claus-de-la-logistica-de-el-frio-en-farmacies\/"]}]},{"@type":"ImageObject","inLanguage":"es","@id":"https:\/\/esffera.com\/blog\/ca\/totes-les-claus-de-la-logistica-de-el-frio-en-farmacies\/#primaryimage","url":"https:\/\/esffera.com\/blog\/wp-content\/uploads\/2025\/12\/pills-858180_960_720.jpg","contentUrl":"https:\/\/esffera.com\/blog\/wp-content\/uploads\/2025\/12\/pills-858180_960_720.jpg","width":960,"height":640},{"@type":"BreadcrumbList","@id":"https:\/\/esffera.com\/blog\/ca\/totes-les-claus-de-la-logistica-de-el-frio-en-farmacies\/#breadcrumb","itemListElement":[{"@type":"ListItem","position":1,"name":"Portada","item":"https:\/\/esffera.com\/blog\/"},{"@type":"ListItem","position":2,"name":"Totes les claus de la log\u00edstica freda a les farm\u00e0cies"}]},{"@type":"WebSite","@id":"https:\/\/esffera.com\/blog\/#website","url":"https:\/\/esffera.com\/blog\/","name":"Esffera Blog","description":"","publisher":{"@id":"https:\/\/esffera.com\/blog\/#organization"},"potentialAction":[{"@type":"SearchAction","target":{"@type":"EntryPoint","urlTemplate":"https:\/\/esffera.com\/blog\/?s={search_term_string}"},"query-input":{"@type":"PropertyValueSpecification","valueRequired":true,"valueName":"search_term_string"}}],"inLanguage":"es"},{"@type":"Organization","@id":"https:\/\/esffera.com\/blog\/#organization","name":"Esffera Blog","url":"https:\/\/esffera.com\/blog\/","logo":{"@type":"ImageObject","inLanguage":"es","@id":"https:\/\/esffera.com\/blog\/#\/schema\/logo\/image\/","url":"https:\/\/esffera.com\/blog\/wp-content\/uploads\/2025\/12\/logo-esffera-negro.png","contentUrl":"https:\/\/esffera.com\/blog\/wp-content\/uploads\/2025\/12\/logo-esffera-negro.png","width":798,"height":321,"caption":"Esffera Blog"},"image":{"@id":"https:\/\/esffera.com\/blog\/#\/schema\/logo\/image\/"},"sameAs":["https:\/\/www.tiktok.com\/@esfferatecnologistics","https:\/\/www.linkedin.com\/company\/esffera-tecnologistics","https:\/\/www.instagram.com\/esfferatecnologistics\/"]},{"@type":"Person","@id":"https:\/\/esffera.com\/blog\/#\/schema\/person\/820f06ed7bba656d2566633b2cd43c58","name":"admin","image":{"@type":"ImageObject","inLanguage":"es","@id":"https:\/\/esffera.com\/blog\/#\/schema\/person\/image\/","url":"https:\/\/secure.gravatar.com\/avatar\/aa0035bf7bdeb3438023d75f2e53baba3919802ff16918755455ebee6f9ddadb?s=96&d=mm&r=g","contentUrl":"https:\/\/secure.gravatar.com\/avatar\/aa0035bf7bdeb3438023d75f2e53baba3919802ff16918755455ebee6f9ddadb?s=96&d=mm&r=g","caption":"admin"},"sameAs":["https:\/\/esffera.com\/blog"],"url":"https:\/\/esffera.com\/blog\/author\/esfferaadm2998\/"}]}},"_links":{"self":[{"href":"https:\/\/esffera.com\/blog\/wp-json\/wp\/v2\/posts\/3513","targetHints":{"allow":["GET"]}}],"collection":[{"href":"https:\/\/esffera.com\/blog\/wp-json\/wp\/v2\/posts"}],"about":[{"href":"https:\/\/esffera.com\/blog\/wp-json\/wp\/v2\/types\/post"}],"author":[{"embeddable":true,"href":"https:\/\/esffera.com\/blog\/wp-json\/wp\/v2\/users\/1"}],"replies":[{"embeddable":true,"href":"https:\/\/esffera.com\/blog\/wp-json\/wp\/v2\/comments?post=3513"}],"version-history":[{"count":4,"href":"https:\/\/esffera.com\/blog\/wp-json\/wp\/v2\/posts\/3513\/revisions"}],"predecessor-version":[{"id":4547,"href":"https:\/\/esffera.com\/blog\/wp-json\/wp\/v2\/posts\/3513\/revisions\/4547"}],"wp:featuredmedia":[{"embeddable":true,"href":"https:\/\/esffera.com\/blog\/wp-json\/wp\/v2\/media\/4413"}],"wp:attachment":[{"href":"https:\/\/esffera.com\/blog\/wp-json\/wp\/v2\/media?parent=3513"}],"wp:term":[{"taxonomy":"category","embeddable":true,"href":"https:\/\/esffera.com\/blog\/wp-json\/wp\/v2\/categories?post=3513"},{"taxonomy":"post_tag","embeddable":true,"href":"https:\/\/esffera.com\/blog\/wp-json\/wp\/v2\/tags?post=3513"}],"curies":[{"name":"wp","href":"https:\/\/api.w.org\/{rel}","templated":true}]}}