{"id":3528,"date":"2025-12-16T14:38:07","date_gmt":"2025-12-16T14:38:07","guid":{"rendered":"https:\/\/www.galyco.com\/?p=3343"},"modified":"2026-01-13T15:44:33","modified_gmt":"2026-01-13T15:44:33","slug":"magatzem-logistico-en-barcelona","status":"publish","type":"post","link":"https:\/\/esffera.com\/blog\/ca\/magatzem-logistico-en-barcelona\/","title":{"rendered":"10 Consells per millorar el teu magatzem log\u00edstic a Barcelona"},"content":{"rendered":"<p>Disposar d&#39;un <strong>magatzem log\u00edstic a Barcelona<\/strong> et beneficiar\u00e0, podent oferir una gesti\u00f3 professional en qualsevol cadena de subministrament que hagis de fer i garantint als teus clients resultats satisfactoris. Proposant una s\u00e8rie d&#39;idees \u00fatils i pr\u00e0ctiques, volem ajudar-te a fer les teves comandes adequadament gestionades i oferir una ima<strong>tge corporativa professional i de confian\u00e7a<\/strong>.<\/p>\n<h2 class=\"verde\">La import\u00e0ncia d&#39;un magatzem log\u00edstic a Barcelona<\/h2>\n<p>Si t&#39;esfor\u00e7es a aconseguir una bona base en l&#39;estructuraci\u00f3 del teu magatzem, estalviar\u00e0s un temp<strong>s signi<\/strong>ficatiu, augmentarem l&#39;<strong>efici\u00e8ncia<\/strong> i Millorem la<strong> productivitat<\/strong> de l&#39;empresa. \u00c9s molt important que quan un client truca per con\u00e8ixer l&#39;estat de la seva comanda, pot respondre r\u00e0pidament amb dades sobre l&#39;estat de la comanda en temps real.<\/p>\n<p>Aquesta informaci\u00f3<strong> generar\u00e0 confian\u00e7a e<\/strong>n els seus clients. De la mateixa manera, les mercaderies arriben degudament embalades i amb elements fr\u00e0gils degudament protegits.<\/p>\n<h2 class=\"verde\">10 Consells per millorar la gesti\u00f3 d&#39;un magatzem log\u00edstic<\/h2>\n<p>\u00c9s important que segueixis aquesta s\u00e8rie de recomanacions per realitzar una bona <strong>gesti\u00f3 del teu magatz<\/strong>em i dels diferents processos que puguin necessitar les comandes dels teus clients.<\/p>\n<p><img decoding=\"async\" class=\"img-responstive size-full alignleft\" src=\"https:\/\/esffera.com\/blog\/wp-content\/uploads\/2019\/11\/57e1d644435ba914f6da8c7dda79367c1138dee557556c4870287fd59f4ac45fbe_640.jpg\" alt=\"magatzem log\u00edstic Barcelona\" style=\"width: 420px !important;\"><\/p>\n<h3 class=\"verde\">1. Estrat\u00e8gies personalitzades<\/h3>\n<p>Primer haureu d&#39;avaluar el<strong> nombre d&#39;ordres qu<\/strong>e prepareu en un dia, de manera que pugueu desplegar un tipus d&#39;estrat\u00e8gia o un altre. Si el teu negoci \u00e9s petit, pots preparar comandes ja que els clients els confirmen.<\/p>\n<p>D&#39;altra banda, si vost\u00e8 t\u00e9 una gran empresa, la t\u00e0ctica s&#39;ha de centrar en la creaci\u00f3 d&#39;un Departament de comandes amb un personal expert en el sector.<\/p>\n<h3 class=\"verde\">2. Estudi del disseny de l&#39;entorn de treball<\/h3>\n<p>El seu magatzem ha de tenir grans prestatgeries i passadissos perqu\u00e8 els empleats i les seves m\u00e0quines puguin treballar c\u00f2modament. Intenta<strong> distribuir els seus productes en el mag<\/strong>atzem per ordre alfab\u00e8tic, codis, freq\u00fc\u00e8ncia de compra o qualsevol altre sistema per fer els seus enviaments m\u00e9s r\u00e0pids.<\/p>\n<h3 class=\"verde\">3. \u00das de m\u00e0quines per a transport pesat<\/h3>\n<p>Si has de preparar comandes amb objectes pesats, haur\u00e0s equipar el te<strong>u magatzem amb m\u00e0quines adaptades a aquest tipus d<\/strong>e c\u00e0rregues, com per exemple carretons elevadors o camions de palets.<\/p>\n<h3 class=\"verde\">4. \u00das de productes tecnol\u00f2gics innovadors<\/h3>\n<p>L&#39;<strong>e<a href=\"https:\/\/www.abc.es\/economia\/abci-logistica-genera-8-por-ciento-y-crecera-mas-ecommerce-201906160149_noticia.html\" target=\"_blank\" rel=\"noopener noreferrer\">quip tecnol\u00f2gic, c<\/a><\/strong>om els lectors de codis de barres, us ajudar\u00e0 molt a fer un seguiment de l&#39;inventari i a evitar errors log\u00edstics. La maquin\u00e0ria d&#39;embalatge, d&#39;altra banda, t&#39;ajudar\u00e0 a accelerar la preparaci\u00f3 de les teves comandes, gr\u00e0cies a la seva rapidesa i la seva \u00f2ptima manera de protegir els articles; vols valorar la viabilitat d&#39;aquesta inversi\u00f3.<\/p>\n<h3 class=\"verde\">5. Estructura de responsabilitats dels empleats<\/h3>\n<p>\u00c9s possible que vulg<strong>ueu designar <a href=\"https:\/\/www.transporteprofesional.es\/ultimas-noticias\/el-empleo-en-el-sector-logistico-crece-en-espana\" target=\"_blank\" rel=\"noopener noreferrer\">una tasca per a cada emplea<\/a>t. <\/strong>Com m\u00e9s coneixement del seu Departament d&#39;empleats tenen, m\u00e9s efici\u00e8ncia que vost\u00e8 donar\u00e0 al p\u00fablic. Per aix\u00f2 et recomanem que tri\u00efs, per exemple, gestors d&#39;envasos, material de c\u00e0rrega o Investigui.<\/p>\n<h3 class=\"verde\">6. Col\u00b7locaci\u00f3 d&#39;una zona m\u00e9s venuda<\/h3>\n<p>Estic segur que t\u00e9 alguns<strong> productes que es venen millor que altres<\/strong>. Cal situar-los a prop de la recepci\u00f3 i sortida de mercaderies, per alleugerir el proc\u00e9s d&#39;enviament. Despr\u00e9s de tot, es tracta d&#39;estalviar temps i prevenir una gran quantitat de tr\u00e0nsit en els passadissos del magatzem.<\/p>\n<h3 class=\"verde\">7. Delimitar zones dins del magatzem<\/h3>\n<p>En delimitar l<strong>&#39;emmagatzematge i les \u00e0rees de treb<\/strong>all obtindreu m\u00e9s productivitat. Estudieu b\u00e9 els llocs estrat\u00e8gics per col\u00b7locar la zona de recepci\u00f3 de mercaderies o la que ha d&#39;estar ubicada als camions per descarregar. Una vegada que els empleats es familiaritzin amb aquesta nova organitzaci\u00f3, tot el proc\u00e9s log\u00edstic ser\u00e0 molt m\u00e9s autom\u00e0tic i professional.<\/p>\n<h3 class=\"verde\">8. Organitzaci\u00f3 del producte<\/h3>\n<p>Per a una millor organitzaci\u00f3 del magatzem, \u00e9s preferible que cla<strong>ssifiquem els teus productes d&#39;acord amb les seves caracter\u00edstique<\/strong>s. Per exemple, pots recollir productes voluminosos d&#39;una banda i renovar productes per l&#39;altre.<\/p>\n<h3 class=\"verde\">9. Evita l&#39;emmagatzematge tant com sigui possible<\/h3>\n<p>Podeu aplicar la t\u00e8cnica de sol\u00b7licitu<strong>d d&#39;articles dels vostres prove\u00efdors quan els vostres clients els sol\u00b7licitin<\/strong>. Aquest sistema, comunament denominat Cr<em>oss-Docking, est<\/em>\u00e0 cada vegada m\u00e9s en voga, ja que no haur\u00e0 d&#39;emmagatzemar els paquets a les seves instal\u00b7lacions, evitant el seu deteriorament o col\u00b7lapsant el seu espai d&#39;emmagatzematge.<\/p>\n<h3 class=\"verde\">10. Preparar comandes amb productes de repetici\u00f3<\/h3>\n<p>Si tens m\u00faltiples comandes a la demanda d&#39;un article id\u00e8ntic, \u00e9s preferible que els pre<strong>paris al mateix tem<\/strong>ps perqu\u00e8 no perdis temps en viatges a la zona on es troben.<\/p>\n<h2 class=\"verde\">Professionals especialitzats en la gesti\u00f3 d&#39;un magatzem log\u00edstic<\/h2>\n<p>Si prefereixes contractar u<strong>na empresa log\u00edstica<\/strong> per cuidar tot el control de la gesti\u00f3 de les teves comandes, obtindran una manera pr\u00e0ctica i c\u00f2moda d&#39;assegurar una organ<strong>itzaci\u00f3 professional del<\/strong>s teus productes.<\/p>\n<p>Els clients els agrada rebre les seves comandes, ja que li van preguntar, i amb aquests experts evitar\u00e0s errors. Desenvoluparan i podran revisar les comandes amb els controls de qualitat necessaris per lliurar l<strong>liuraments satisfactoris<\/strong>.<\/p>\n<p>En conclusi\u00f3, la gesti\u00f3 d&#39;un magatzem log\u00edstic a Barcelona dependr\u00e0 amb \u00e8xit de l&#39;estructuraci\u00f3 de l&#39;espai de la seva empresa, de l&#39;especialitzaci\u00f3 i de les responsabilitats que assumeixen els diferents professionals del seu c\u00e0rrec i de l&#39;organitzaci\u00f3 exhaustiva del productes que voleu comercialitzar. S<a href=\"https:\/\/esffera.com\/blog\/\" target=\"_blank\" rel=\"noopener noreferrer\">ol\u00b7licit<\/a><a href=\"http:\/\/www.esffera.com\/\" target=\"_blank\" rel=\"noopener noreferrer\">a informaci\u00f3 de professional<\/a>s!<\/p>\n","protected":false},"excerpt":{"rendered":"<p>Disposar d&#39;un magatzem log\u00edstic a Barcelona et beneficiar\u00e0, podent oferir una gesti\u00f3 professional en qualsevol cadena de subministrament que hagis de fer i garantint als teus clients resultats satisfactoris. Proposant una s\u00e8rie\u2026<\/p>\n","protected":false},"author":1,"featured_media":3783,"comment_status":"closed","ping_status":"closed","sticky":false,"template":"","format":"standard","meta":{"postBodyCss":"","postBodyMargin":[],"postBodyPadding":[],"postBodyBackground":{"backgroundType":"classic","gradient":""},"footnotes":""},"categories":[37,1],"tags":[],"class_list":["post-3528","post","type-post","status-publish","format-standard","has-post-thumbnail","hentry","category-sin-categoria-ca-ca","category-uncategorized"],"yoast_head":"<!-- This site is optimized with the Yoast SEO plugin v26.7 - https:\/\/yoast.com\/wordpress\/plugins\/seo\/ -->\n<title>10 Consells per millorar el teu magatzem log\u00edstic a Barcelona - Esffera Blog<\/title>\n<meta name=\"robots\" content=\"index, follow, max-snippet:-1, max-image-preview:large, max-video-preview:-1\" \/>\n<link rel=\"canonical\" href=\"https:\/\/esffera.com\/blog\/ca\/magatzem-logistico-en-barcelona\/\" \/>\n<meta property=\"og:locale\" content=\"es_ES\" \/>\n<meta property=\"og:type\" content=\"article\" \/>\n<meta property=\"og:title\" content=\"10 Consells per millorar el teu magatzem log\u00edstic a Barcelona - Esffera Blog\" \/>\n<meta property=\"og:description\" content=\"Disposar d&#039;un magatzem log\u00edstic a Barcelona et beneficiar\u00e0, podent oferir una gesti\u00f3 professional en qualsevol cadena de subministrament que hagis de fer i garantint als teus clients resultats satisfactoris. Proposant una s\u00e8rie\u2026\" \/>\n<meta property=\"og:url\" content=\"https:\/\/esffera.com\/blog\/ca\/magatzem-logistico-en-barcelona\/\" \/>\n<meta property=\"og:site_name\" content=\"Esffera Blog\" \/>\n<meta property=\"article:published_time\" content=\"2025-12-16T14:38:07+00:00\" \/>\n<meta property=\"article:modified_time\" content=\"2026-01-13T15:44:33+00:00\" \/>\n<meta property=\"og:image\" content=\"https:\/\/esffera.com\/blog\/wp-content\/uploads\/2020\/02\/almacen-logistico.jpg\" \/>\n\t<meta property=\"og:image:width\" content=\"300\" \/>\n\t<meta property=\"og:image:height\" content=\"180\" \/>\n\t<meta property=\"og:image:type\" content=\"image\/jpeg\" \/>\n<meta name=\"author\" content=\"admin\" \/>\n<meta name=\"twitter:card\" content=\"summary_large_image\" \/>\n<meta name=\"twitter:label1\" content=\"Escrito por\" \/>\n\t<meta name=\"twitter:data1\" content=\"admin\" \/>\n\t<meta name=\"twitter:label2\" content=\"Tiempo de lectura\" \/>\n\t<meta name=\"twitter:data2\" content=\"5 minutos\" \/>\n<script type=\"application\/ld+json\" class=\"yoast-schema-graph\">{\"@context\":\"https:\/\/schema.org\",\"@graph\":[{\"@type\":\"Article\",\"@id\":\"https:\/\/esffera.com\/blog\/ca\/magatzem-logistico-en-barcelona\/#article\",\"isPartOf\":{\"@id\":\"https:\/\/esffera.com\/blog\/ca\/magatzem-logistico-en-barcelona\/\"},\"author\":{\"name\":\"admin\",\"@id\":\"https:\/\/esffera.com\/blog\/#\/schema\/person\/820f06ed7bba656d2566633b2cd43c58\"},\"headline\":\"10 Consells per millorar el teu magatzem log\u00edstic a Barcelona\",\"datePublished\":\"2025-12-16T14:38:07+00:00\",\"dateModified\":\"2026-01-13T15:44:33+00:00\",\"mainEntityOfPage\":{\"@id\":\"https:\/\/esffera.com\/blog\/ca\/magatzem-logistico-en-barcelona\/\"},\"wordCount\":920,\"publisher\":{\"@id\":\"https:\/\/esffera.com\/blog\/#organization\"},\"image\":{\"@id\":\"https:\/\/esffera.com\/blog\/ca\/magatzem-logistico-en-barcelona\/#primaryimage\"},\"thumbnailUrl\":\"https:\/\/esffera.com\/blog\/wp-content\/uploads\/2020\/02\/almacen-logistico.jpg\",\"articleSection\":{\"1\":\"Uncategorized\"},\"inLanguage\":\"es\"},{\"@type\":\"WebPage\",\"@id\":\"https:\/\/esffera.com\/blog\/ca\/magatzem-logistico-en-barcelona\/\",\"url\":\"https:\/\/esffera.com\/blog\/ca\/magatzem-logistico-en-barcelona\/\",\"name\":\"10 Consells per millorar el teu magatzem log\u00edstic a Barcelona - Esffera Blog\",\"isPartOf\":{\"@id\":\"https:\/\/esffera.com\/blog\/#website\"},\"primaryImageOfPage\":{\"@id\":\"https:\/\/esffera.com\/blog\/ca\/magatzem-logistico-en-barcelona\/#primaryimage\"},\"image\":{\"@id\":\"https:\/\/esffera.com\/blog\/ca\/magatzem-logistico-en-barcelona\/#primaryimage\"},\"thumbnailUrl\":\"https:\/\/esffera.com\/blog\/wp-content\/uploads\/2020\/02\/almacen-logistico.jpg\",\"datePublished\":\"2025-12-16T14:38:07+00:00\",\"dateModified\":\"2026-01-13T15:44:33+00:00\",\"breadcrumb\":{\"@id\":\"https:\/\/esffera.com\/blog\/ca\/magatzem-logistico-en-barcelona\/#breadcrumb\"},\"inLanguage\":\"es\",\"potentialAction\":[{\"@type\":\"ReadAction\",\"target\":[\"https:\/\/esffera.com\/blog\/ca\/magatzem-logistico-en-barcelona\/\"]}]},{\"@type\":\"ImageObject\",\"inLanguage\":\"es\",\"@id\":\"https:\/\/esffera.com\/blog\/ca\/magatzem-logistico-en-barcelona\/#primaryimage\",\"url\":\"https:\/\/esffera.com\/blog\/wp-content\/uploads\/2020\/02\/almacen-logistico.jpg\",\"contentUrl\":\"https:\/\/esffera.com\/blog\/wp-content\/uploads\/2020\/02\/almacen-logistico.jpg\",\"width\":300,\"height\":180},{\"@type\":\"BreadcrumbList\",\"@id\":\"https:\/\/esffera.com\/blog\/ca\/magatzem-logistico-en-barcelona\/#breadcrumb\",\"itemListElement\":[{\"@type\":\"ListItem\",\"position\":1,\"name\":\"Portada\",\"item\":\"https:\/\/esffera.com\/blog\/\"},{\"@type\":\"ListItem\",\"position\":2,\"name\":\"10 Consells per millorar el teu magatzem log\u00edstic a Barcelona\"}]},{\"@type\":\"WebSite\",\"@id\":\"https:\/\/esffera.com\/blog\/#website\",\"url\":\"https:\/\/esffera.com\/blog\/\",\"name\":\"Esffera Blog\",\"description\":\"\",\"publisher\":{\"@id\":\"https:\/\/esffera.com\/blog\/#organization\"},\"potentialAction\":[{\"@type\":\"SearchAction\",\"target\":{\"@type\":\"EntryPoint\",\"urlTemplate\":\"https:\/\/esffera.com\/blog\/?s={search_term_string}\"},\"query-input\":{\"@type\":\"PropertyValueSpecification\",\"valueRequired\":true,\"valueName\":\"search_term_string\"}}],\"inLanguage\":\"es\"},{\"@type\":\"Organization\",\"@id\":\"https:\/\/esffera.com\/blog\/#organization\",\"name\":\"Esffera Blog\",\"url\":\"https:\/\/esffera.com\/blog\/\",\"logo\":{\"@type\":\"ImageObject\",\"inLanguage\":\"es\",\"@id\":\"https:\/\/esffera.com\/blog\/#\/schema\/logo\/image\/\",\"url\":\"https:\/\/esffera.com\/blog\/wp-content\/uploads\/2025\/12\/logo-esffera-negro.png\",\"contentUrl\":\"https:\/\/esffera.com\/blog\/wp-content\/uploads\/2025\/12\/logo-esffera-negro.png\",\"width\":798,\"height\":321,\"caption\":\"Esffera Blog\"},\"image\":{\"@id\":\"https:\/\/esffera.com\/blog\/#\/schema\/logo\/image\/\"},\"sameAs\":[\"https:\/\/www.tiktok.com\/@esfferatecnologistics\",\"https:\/\/www.linkedin.com\/company\/esffera-tecnologistics\",\"https:\/\/www.instagram.com\/esfferatecnologistics\/\"]},{\"@type\":\"Person\",\"@id\":\"https:\/\/esffera.com\/blog\/#\/schema\/person\/820f06ed7bba656d2566633b2cd43c58\",\"name\":\"admin\",\"image\":{\"@type\":\"ImageObject\",\"inLanguage\":\"es\",\"@id\":\"https:\/\/esffera.com\/blog\/#\/schema\/person\/image\/\",\"url\":\"https:\/\/secure.gravatar.com\/avatar\/aa0035bf7bdeb3438023d75f2e53baba3919802ff16918755455ebee6f9ddadb?s=96&d=mm&r=g\",\"contentUrl\":\"https:\/\/secure.gravatar.com\/avatar\/aa0035bf7bdeb3438023d75f2e53baba3919802ff16918755455ebee6f9ddadb?s=96&d=mm&r=g\",\"caption\":\"admin\"},\"sameAs\":[\"https:\/\/esffera.com\/blog\"],\"url\":\"https:\/\/esffera.com\/blog\/author\/esfferaadm2998\/\"}]}<\/script>\n<!-- \/ Yoast SEO plugin. -->","yoast_head_json":{"title":"10 Consells per millorar el teu magatzem log\u00edstic a Barcelona - Esffera Blog","robots":{"index":"index","follow":"follow","max-snippet":"max-snippet:-1","max-image-preview":"max-image-preview:large","max-video-preview":"max-video-preview:-1"},"canonical":"https:\/\/esffera.com\/blog\/ca\/magatzem-logistico-en-barcelona\/","og_locale":"es_ES","og_type":"article","og_title":"10 Consells per millorar el teu magatzem log\u00edstic a Barcelona - Esffera Blog","og_description":"Disposar d&#39;un magatzem log\u00edstic a Barcelona et beneficiar\u00e0, podent oferir una gesti\u00f3 professional en qualsevol cadena de subministrament que hagis de fer i garantint als teus clients resultats satisfactoris. Proposant una s\u00e8rie\u2026","og_url":"https:\/\/esffera.com\/blog\/ca\/magatzem-logistico-en-barcelona\/","og_site_name":"Esffera Blog","article_published_time":"2025-12-16T14:38:07+00:00","article_modified_time":"2026-01-13T15:44:33+00:00","og_image":[{"width":300,"height":180,"url":"https:\/\/esffera.com\/blog\/wp-content\/uploads\/2020\/02\/almacen-logistico.jpg","type":"image\/jpeg"}],"author":"admin","twitter_card":"summary_large_image","twitter_misc":{"Escrito por":"admin","Tiempo de lectura":"5 minutos"},"schema":{"@context":"https:\/\/schema.org","@graph":[{"@type":"Article","@id":"https:\/\/esffera.com\/blog\/ca\/magatzem-logistico-en-barcelona\/#article","isPartOf":{"@id":"https:\/\/esffera.com\/blog\/ca\/magatzem-logistico-en-barcelona\/"},"author":{"name":"admin","@id":"https:\/\/esffera.com\/blog\/#\/schema\/person\/820f06ed7bba656d2566633b2cd43c58"},"headline":"10 Consells per millorar el teu magatzem log\u00edstic a Barcelona","datePublished":"2025-12-16T14:38:07+00:00","dateModified":"2026-01-13T15:44:33+00:00","mainEntityOfPage":{"@id":"https:\/\/esffera.com\/blog\/ca\/magatzem-logistico-en-barcelona\/"},"wordCount":920,"publisher":{"@id":"https:\/\/esffera.com\/blog\/#organization"},"image":{"@id":"https:\/\/esffera.com\/blog\/ca\/magatzem-logistico-en-barcelona\/#primaryimage"},"thumbnailUrl":"https:\/\/esffera.com\/blog\/wp-content\/uploads\/2020\/02\/almacen-logistico.jpg","articleSection":{"1":"Uncategorized"},"inLanguage":"es"},{"@type":"WebPage","@id":"https:\/\/esffera.com\/blog\/ca\/magatzem-logistico-en-barcelona\/","url":"https:\/\/esffera.com\/blog\/ca\/magatzem-logistico-en-barcelona\/","name":"10 Consells per millorar el teu magatzem log\u00edstic a Barcelona - Esffera Blog","isPartOf":{"@id":"https:\/\/esffera.com\/blog\/#website"},"primaryImageOfPage":{"@id":"https:\/\/esffera.com\/blog\/ca\/magatzem-logistico-en-barcelona\/#primaryimage"},"image":{"@id":"https:\/\/esffera.com\/blog\/ca\/magatzem-logistico-en-barcelona\/#primaryimage"},"thumbnailUrl":"https:\/\/esffera.com\/blog\/wp-content\/uploads\/2020\/02\/almacen-logistico.jpg","datePublished":"2025-12-16T14:38:07+00:00","dateModified":"2026-01-13T15:44:33+00:00","breadcrumb":{"@id":"https:\/\/esffera.com\/blog\/ca\/magatzem-logistico-en-barcelona\/#breadcrumb"},"inLanguage":"es","potentialAction":[{"@type":"ReadAction","target":["https:\/\/esffera.com\/blog\/ca\/magatzem-logistico-en-barcelona\/"]}]},{"@type":"ImageObject","inLanguage":"es","@id":"https:\/\/esffera.com\/blog\/ca\/magatzem-logistico-en-barcelona\/#primaryimage","url":"https:\/\/esffera.com\/blog\/wp-content\/uploads\/2020\/02\/almacen-logistico.jpg","contentUrl":"https:\/\/esffera.com\/blog\/wp-content\/uploads\/2020\/02\/almacen-logistico.jpg","width":300,"height":180},{"@type":"BreadcrumbList","@id":"https:\/\/esffera.com\/blog\/ca\/magatzem-logistico-en-barcelona\/#breadcrumb","itemListElement":[{"@type":"ListItem","position":1,"name":"Portada","item":"https:\/\/esffera.com\/blog\/"},{"@type":"ListItem","position":2,"name":"10 Consells per millorar el teu magatzem log\u00edstic a Barcelona"}]},{"@type":"WebSite","@id":"https:\/\/esffera.com\/blog\/#website","url":"https:\/\/esffera.com\/blog\/","name":"Esffera Blog","description":"","publisher":{"@id":"https:\/\/esffera.com\/blog\/#organization"},"potentialAction":[{"@type":"SearchAction","target":{"@type":"EntryPoint","urlTemplate":"https:\/\/esffera.com\/blog\/?s={search_term_string}"},"query-input":{"@type":"PropertyValueSpecification","valueRequired":true,"valueName":"search_term_string"}}],"inLanguage":"es"},{"@type":"Organization","@id":"https:\/\/esffera.com\/blog\/#organization","name":"Esffera Blog","url":"https:\/\/esffera.com\/blog\/","logo":{"@type":"ImageObject","inLanguage":"es","@id":"https:\/\/esffera.com\/blog\/#\/schema\/logo\/image\/","url":"https:\/\/esffera.com\/blog\/wp-content\/uploads\/2025\/12\/logo-esffera-negro.png","contentUrl":"https:\/\/esffera.com\/blog\/wp-content\/uploads\/2025\/12\/logo-esffera-negro.png","width":798,"height":321,"caption":"Esffera Blog"},"image":{"@id":"https:\/\/esffera.com\/blog\/#\/schema\/logo\/image\/"},"sameAs":["https:\/\/www.tiktok.com\/@esfferatecnologistics","https:\/\/www.linkedin.com\/company\/esffera-tecnologistics","https:\/\/www.instagram.com\/esfferatecnologistics\/"]},{"@type":"Person","@id":"https:\/\/esffera.com\/blog\/#\/schema\/person\/820f06ed7bba656d2566633b2cd43c58","name":"admin","image":{"@type":"ImageObject","inLanguage":"es","@id":"https:\/\/esffera.com\/blog\/#\/schema\/person\/image\/","url":"https:\/\/secure.gravatar.com\/avatar\/aa0035bf7bdeb3438023d75f2e53baba3919802ff16918755455ebee6f9ddadb?s=96&d=mm&r=g","contentUrl":"https:\/\/secure.gravatar.com\/avatar\/aa0035bf7bdeb3438023d75f2e53baba3919802ff16918755455ebee6f9ddadb?s=96&d=mm&r=g","caption":"admin"},"sameAs":["https:\/\/esffera.com\/blog"],"url":"https:\/\/esffera.com\/blog\/author\/esfferaadm2998\/"}]}},"_links":{"self":[{"href":"https:\/\/esffera.com\/blog\/wp-json\/wp\/v2\/posts\/3528","targetHints":{"allow":["GET"]}}],"collection":[{"href":"https:\/\/esffera.com\/blog\/wp-json\/wp\/v2\/posts"}],"about":[{"href":"https:\/\/esffera.com\/blog\/wp-json\/wp\/v2\/types\/post"}],"author":[{"embeddable":true,"href":"https:\/\/esffera.com\/blog\/wp-json\/wp\/v2\/users\/1"}],"replies":[{"embeddable":true,"href":"https:\/\/esffera.com\/blog\/wp-json\/wp\/v2\/comments?post=3528"}],"version-history":[{"count":1,"href":"https:\/\/esffera.com\/blog\/wp-json\/wp\/v2\/posts\/3528\/revisions"}],"predecessor-version":[{"id":4347,"href":"https:\/\/esffera.com\/blog\/wp-json\/wp\/v2\/posts\/3528\/revisions\/4347"}],"wp:featuredmedia":[{"embeddable":true,"href":"https:\/\/esffera.com\/blog\/wp-json\/wp\/v2\/media\/3783"}],"wp:attachment":[{"href":"https:\/\/esffera.com\/blog\/wp-json\/wp\/v2\/media?parent=3528"}],"wp:term":[{"taxonomy":"category","embeddable":true,"href":"https:\/\/esffera.com\/blog\/wp-json\/wp\/v2\/categories?post=3528"},{"taxonomy":"post_tag","embeddable":true,"href":"https:\/\/esffera.com\/blog\/wp-json\/wp\/v2\/tags?post=3528"}],"curies":[{"name":"wp","href":"https:\/\/api.w.org\/{rel}","templated":true}]}}