{"id":4275,"date":"2025-12-16T14:36:39","date_gmt":"2025-12-16T14:36:39","guid":{"rendered":"https:\/\/www.galyco.com\/?p=4275"},"modified":"2026-01-13T07:33:42","modified_gmt":"2026-01-13T07:33:42","slug":"empresas-de-logistica-almacenaje-y-distribucion-y-los-ods","status":"publish","type":"post","link":"https:\/\/esffera.com\/blog\/empresas-de-logistica-almacenaje-y-distribucion-y-los-ods\/","title":{"rendered":"Empresas de log\u00edstica, almacenaje y distribuci\u00f3n y los ODS"},"content":{"rendered":"<p>Las\u00a0<strong>empresas de log\u00edstica<\/strong>\u00a0que apuestan por la sostenibilidad son fundamentales a la hora de plantearse llevar a cabo una actividad empresarial que cuide el medio ambiente. A continuaci\u00f3n te mostraremos que es posible\u00a0relacionar cualquier pr\u00e1ctica de\u00a0<strong>almacenaje y distribuci\u00f3n<\/strong>\u00a0con proyectos ecol\u00f3gicos y c\u00f3mo puedes hacerlo.<\/p>\n<h2>Log\u00edstica sostenible<\/h2>\n<p>La\u00a0<strong>sostenibilidad<\/strong>\u00a0es indispensable para reducir los da\u00f1os que todos causamos a nuestro entorno diariamente. Teni\u00e9ndola presente, podr\u00e1s\u00a0incorporar h\u00e1bitos y decisiones en tu\u00a0empresa que tendr\u00e1n un<strong>\u00a0impacto beneficioso en el ecosistema<\/strong>. Al fin y al cabo, este gesto es indispensable para disminuir las emisiones de di\u00f3xido de carbono tan t\u00f3xicas para el planeta.<\/p>\n<p>Y, en el sector log\u00edstico, existen\u00a0muchos puntos importantes que has de tener en cuenta para desarrollar medidas con una repercusi\u00f3n medioambiental digna de ejemplo para los dem\u00e1s. Por ejemplo, te recomendamos que te comprometas\u00a0con tu<strong>\u00a0huella ecol\u00f3gica<\/strong>\u00a0y que controles el proceso de todos los materiales que utilices, adem\u00e1s del uso de combustible (en el caso de que tu empresa se dedique al sector del transporte). El objetivo final es cambiar de actitud y, poco a poco, llevar a la pr\u00e1ctica\u00a0<strong>acciones m\u00e1s sostenibles<\/strong>.<\/p>\n<h2>Log\u00edstica, almacenaje,\u00a0distribuci\u00f3n y ODS<\/h2>\n<p>Los denominados\u00a0<strong>Objetivos de Desarrollo Sostenible<\/strong>\u00a0(ODS) son b\u00e1sicos a la hora de impulsar cambios en la sostenibilidad ambiental para<strong>\u00a0optimizar la productividad\u00a0<\/strong>y crear nuevas l\u00edneas de negocio. Por ejemplo la reutilizaci\u00f3n de materiales, el uso de energ\u00edas renovables y la promoci\u00f3n de una econom\u00eda colaborativa son tres aspectos interesantes en nuestro campo.<\/p>\n<p>En el\u00a0<strong>sector del almacenaje<\/strong>, los envases son un factor clave en las cadenas de suministro. Por ello,\u00a0los\u00a0<strong>embalajes biodegradables<\/strong>\u00a0son un elemento a tener muy en cuenta:\u00a0estos contenedores pueden ser utilizados como abono una vez que se descomponen. S\u00e9 consciente de que los consumidores valoran el esfuerzo de las empresas que apuestan por estos m\u00e9todos verdes, por lo que apreciar\u00e1n que tu negocio log\u00edstico cuente con recursos org\u00e1nicos\u00a0en su actividad.<\/p>\n<p>Dentro del\u00a0<strong>sector de la distribuci\u00f3n<\/strong>, es conveniente que centres tu atenci\u00f3n en\u00a0<strong>disminuir la presencia de\u00a0transportes interurbanos\u00a0<\/strong>de mercanc\u00edas para, de ese modo,\u00a0<strong>reducir la emisi\u00f3n de di\u00f3xido de carbono<\/strong>. Por ejemplo,\u00a0<strong>el reparto en veh\u00edculos el\u00e9ctricos o en bicicletas\u00a0<\/strong>es una opci\u00f3n que debes valorar, siempre dentro de las posibilidades de tu empresa. Por otro lado, tambi\u00e9n puede ser muy interesante\u00a0<strong>mejorar las infraestructuras<\/strong>\u00a0para abrir nuevos centros urbanos de entrega y recogida.<\/p>\n<p>Por otra parte, puedes estudiar la forma de aplicar<strong>\u00a0estrategias de optimizaci\u00f3n<\/strong>\u00a0y apostar por sistemas de conducci\u00f3n eficientes para que tu flota de veh\u00edculos de transporte urbano reduzca los kil\u00f3metros que realiza al d\u00eda. No te olvides de estudiar diferentes ideas\u00a0para optimizar la carga en camiones y furgonetas.<\/p>\n<p>Para crear una log\u00edstica lo m\u00e1s respetuosa posible con nuestro entorno, puedes implantar otras medidas bastante eficientes, como dise\u00f1ar<strong>\u00a0rutas de transporte\u00a0<\/strong>que acorten distancias o colocar alerones en la parte superior de las cabinas para reducir la resistencia del aire y ahorrar en carburante, adem\u00e1s de disminuir las emisiones de efecto invernadero.<\/p>\n<p>No te olvides de revisar que tus camiones salgan siempre del centro log\u00edstico cuando est\u00e1n\u00a0<strong>cargados del todo\u00a0<\/strong>para evitar m\u00e1s viajes de los necesarios. Todas estas iniciativas incentivar\u00e1n tu\u00a0<strong>implicaci\u00f3n ecol\u00f3gica<\/strong>\u00a0y, gracias a empresas de log\u00edstica especializadas, conseguir\u00e1s implantarlas de forma sencilla y satisfactoria.<\/p>\n<h2>Los ODS<\/h2>\n<p>Los\u00a0<a href=\"https:\/\/www.undp.org\/content\/undp\/es\/home\/sustainable-development-goals.html\" target=\"_blank\" rel=\"noopener noreferrer\">Objetivos de Desarrollo Sostenible<\/a>, tambi\u00e9n conocidos como Objetivos Mundiales, se crearon con el fin de acabar con la pobreza,\u00a0proteger el planeta y proporcionar un equilibro \u00f3ptimo en la<strong>\u00a0sostenibilidad medioambiental, econ\u00f3mica y social<\/strong>.<\/p>\n<p>En total, diecisiete objetivos integran un conjunto de normas aplicables a todos los sectores, ya que la intervenci\u00f3n en un \u00e1rea afecta a los resultados de las otras. <strong>La\u00a0log\u00edstica y los ODS\u00a0<\/strong>deben unificarse para conseguir resultados favorables y duraderos. El\u00a0<strong>fomento del consumo<\/strong><strong>\u00a0y la\u00a0producci\u00f3n responsables<\/strong>\u00a0son uno de los temas m\u00e1s importantes en esta nueva manera de entender el negocio.<\/p>\n<p>Pero, adem\u00e1s, es conveniente que implementes actividades verdes siempre que puedas ya que as\u00ed conseguir\u00e1s mejoras en el comportamiento de los consumidores. Piensa que si dise\u00f1as\u00a0modelos de consumo y producci\u00f3n responsables, estar\u00e1s dando ejemplo a los clientes e incit\u00e1ndoles a que hagan un\u00a0<strong>consumo consciente<\/strong>.<\/p>\n<p>Uno de estos objetivos mundiales\u00a0es precisamente proteger, restaurar y fomentar el uso sostenible\u00a0de los ecosistemas, gestionar los bosques de forma responsable y detener la degradaci\u00f3n del suelo. Si apuestas por ofrecer\u00a0<strong>envases ecol\u00f3gicos<\/strong>\u00a0primarios, secundarios y terciarios\u00a0que est\u00e9n compuestos, por ejemplo, de fibras de madera o de cualquier otro material con certificado de reciclaje o sostenibilidad, estar\u00e1s contribuyendo a cumplir este punto esencial de proyecto y, a su vez, atrayendo a empresas preocupadas por la sostenibilidad y a clientela concienciada en materia ecol\u00f3gica.<\/p>\n<p>En conclusi\u00f3n, las empresas de log\u00edstica tienen en sus manos ayudar a cuidar el ecosistema. Es beneficioso para todos, \u00a1incluidas las propias empresas! Esperamos que esto te haya resultado \u00fatil para captar ideas e integrarlas en tus mec\u00e1nicas de trabajo rutinario. De ese modo apostar\u00e1s por un<strong>\u00a0almacenaje sostenible y una distribuci\u00f3n limpia<\/strong>. \u00a1<a href=\"https:\/\/esffera.com\/blog\/\" target=\"_blank\" rel=\"noopener noreferrer\">Solicita m\u00e1s informaci\u00f3n<\/a>!<\/p>\n<p><img fetchpriority=\"high\" decoding=\"async\" class=\"alignnone wp-image-4393 size-full\" src=\"https:\/\/esffera.com\/blog\/wp-content\/uploads\/2020\/03\/highway.jpg\" alt=\"highway\" width=\"1920\" height=\"1280\" \/><\/p>\n","protected":false},"excerpt":{"rendered":"<p>Las\u00a0empresas de log\u00edstica\u00a0que apuestan por la sostenibilidad son fundamentales a la hora de plantearse llevar a cabo una actividad empresarial que cuide el medio ambiente. A continuaci\u00f3n te mostraremos que es posible\u00a0relacionar\u2026<\/p>\n","protected":false},"author":1,"featured_media":4394,"comment_status":"closed","ping_status":"closed","sticky":false,"template":"","format":"standard","meta":{"postBodyCss":"","postBodyMargin":[],"postBodyPadding":[],"postBodyBackground":{"backgroundType":"classic","gradient":""},"footnotes":""},"categories":[1],"tags":[],"class_list":["post-4275","post","type-post","status-publish","format-standard","has-post-thumbnail","hentry","category-uncategorized"],"yoast_head":"<!-- This site is optimized with the Yoast SEO plugin v26.7 - https:\/\/yoast.com\/wordpress\/plugins\/seo\/ -->\n<title>Empresas de log\u00edstica, almacenaje y distribuci\u00f3n y los ODS - Esffera Blog<\/title>\n<meta name=\"description\" content=\"Empresa de Log\u00edstica, Almacenaje y Distribuci\u00f3n en Barcelona. Almacen Logist\u00edco externo especializado en la preparaci\u00f3n de pedidos. Somos su aliado perfecto\" \/>\n<meta name=\"robots\" content=\"index, follow, max-snippet:-1, max-image-preview:large, max-video-preview:-1\" \/>\n<link rel=\"canonical\" href=\"https:\/\/esffera.com\/blog\/empresas-de-logistica-almacenaje-y-distribucion-y-los-ods\/\" \/>\n<meta property=\"og:locale\" content=\"es_ES\" \/>\n<meta property=\"og:type\" content=\"article\" \/>\n<meta property=\"og:title\" content=\"Empresas de log\u00edstica, almacenaje y distribuci\u00f3n y los ODS - Esffera Blog\" \/>\n<meta property=\"og:description\" content=\"Empresa de Log\u00edstica, Almacenaje y Distribuci\u00f3n en Barcelona. Almacen Logist\u00edco externo especializado en la preparaci\u00f3n de pedidos. Somos su aliado perfecto\" \/>\n<meta property=\"og:url\" content=\"https:\/\/esffera.com\/blog\/empresas-de-logistica-almacenaje-y-distribucion-y-los-ods\/\" \/>\n<meta property=\"og:site_name\" content=\"Esffera Blog\" \/>\n<meta property=\"article:published_time\" content=\"2025-12-16T14:36:39+00:00\" \/>\n<meta property=\"article:modified_time\" content=\"2026-01-13T07:33:42+00:00\" \/>\n<meta property=\"og:image\" content=\"https:\/\/esffera.com\/blog\/wp-content\/uploads\/2020\/03\/55e3dc414b52ac14f6da8c7dda79367c1138dee557556c4870277fd69e4ec05cb8_640.jpg\" \/>\n\t<meta property=\"og:image:width\" content=\"640\" \/>\n\t<meta property=\"og:image:height\" content=\"426\" \/>\n\t<meta property=\"og:image:type\" content=\"image\/jpeg\" \/>\n<meta name=\"author\" content=\"admin\" \/>\n<meta name=\"twitter:card\" content=\"summary_large_image\" \/>\n<meta name=\"twitter:label1\" content=\"Escrito por\" \/>\n\t<meta name=\"twitter:data1\" content=\"admin\" \/>\n\t<meta name=\"twitter:label2\" content=\"Tiempo de lectura\" \/>\n\t<meta name=\"twitter:data2\" content=\"5 minutos\" \/>\n<script type=\"application\/ld+json\" class=\"yoast-schema-graph\">{\"@context\":\"https:\/\/schema.org\",\"@graph\":[{\"@type\":\"Article\",\"@id\":\"https:\/\/esffera.com\/blog\/empresas-de-logistica-almacenaje-y-distribucion-y-los-ods\/#article\",\"isPartOf\":{\"@id\":\"https:\/\/esffera.com\/blog\/empresas-de-logistica-almacenaje-y-distribucion-y-los-ods\/\"},\"author\":{\"name\":\"admin\",\"@id\":\"https:\/\/esffera.com\/blog\/#\/schema\/person\/820f06ed7bba656d2566633b2cd43c58\"},\"headline\":\"Empresas de log\u00edstica, almacenaje y distribuci\u00f3n y los ODS\",\"datePublished\":\"2025-12-16T14:36:39+00:00\",\"dateModified\":\"2026-01-13T07:33:42+00:00\",\"mainEntityOfPage\":{\"@id\":\"https:\/\/esffera.com\/blog\/empresas-de-logistica-almacenaje-y-distribucion-y-los-ods\/\"},\"wordCount\":932,\"publisher\":{\"@id\":\"https:\/\/esffera.com\/blog\/#organization\"},\"image\":{\"@id\":\"https:\/\/esffera.com\/blog\/empresas-de-logistica-almacenaje-y-distribucion-y-los-ods\/#primaryimage\"},\"thumbnailUrl\":\"https:\/\/esffera.com\/blog\/wp-content\/uploads\/2020\/03\/55e3dc414b52ac14f6da8c7dda79367c1138dee557556c4870277fd69e4ec05cb8_640.jpg\",\"articleSection\":[\"Uncategorized\"],\"inLanguage\":\"es\"},{\"@type\":\"WebPage\",\"@id\":\"https:\/\/esffera.com\/blog\/empresas-de-logistica-almacenaje-y-distribucion-y-los-ods\/\",\"url\":\"https:\/\/esffera.com\/blog\/empresas-de-logistica-almacenaje-y-distribucion-y-los-ods\/\",\"name\":\"Empresas de log\u00edstica, almacenaje y distribuci\u00f3n y los ODS - Esffera Blog\",\"isPartOf\":{\"@id\":\"https:\/\/esffera.com\/blog\/#website\"},\"primaryImageOfPage\":{\"@id\":\"https:\/\/esffera.com\/blog\/empresas-de-logistica-almacenaje-y-distribucion-y-los-ods\/#primaryimage\"},\"image\":{\"@id\":\"https:\/\/esffera.com\/blog\/empresas-de-logistica-almacenaje-y-distribucion-y-los-ods\/#primaryimage\"},\"thumbnailUrl\":\"https:\/\/esffera.com\/blog\/wp-content\/uploads\/2020\/03\/55e3dc414b52ac14f6da8c7dda79367c1138dee557556c4870277fd69e4ec05cb8_640.jpg\",\"datePublished\":\"2025-12-16T14:36:39+00:00\",\"dateModified\":\"2026-01-13T07:33:42+00:00\",\"description\":\"Empresa de Log\u00edstica, Almacenaje y Distribuci\u00f3n en Barcelona. Almacen Logist\u00edco externo especializado en la preparaci\u00f3n de pedidos. Somos su aliado perfecto\",\"breadcrumb\":{\"@id\":\"https:\/\/esffera.com\/blog\/empresas-de-logistica-almacenaje-y-distribucion-y-los-ods\/#breadcrumb\"},\"inLanguage\":\"es\",\"potentialAction\":[{\"@type\":\"ReadAction\",\"target\":[\"https:\/\/esffera.com\/blog\/empresas-de-logistica-almacenaje-y-distribucion-y-los-ods\/\"]}]},{\"@type\":\"ImageObject\",\"inLanguage\":\"es\",\"@id\":\"https:\/\/esffera.com\/blog\/empresas-de-logistica-almacenaje-y-distribucion-y-los-ods\/#primaryimage\",\"url\":\"https:\/\/esffera.com\/blog\/wp-content\/uploads\/2020\/03\/55e3dc414b52ac14f6da8c7dda79367c1138dee557556c4870277fd69e4ec05cb8_640.jpg\",\"contentUrl\":\"https:\/\/esffera.com\/blog\/wp-content\/uploads\/2020\/03\/55e3dc414b52ac14f6da8c7dda79367c1138dee557556c4870277fd69e4ec05cb8_640.jpg\",\"width\":640,\"height\":426,\"caption\":\"highway road trucks vehicles\"},{\"@type\":\"BreadcrumbList\",\"@id\":\"https:\/\/esffera.com\/blog\/empresas-de-logistica-almacenaje-y-distribucion-y-los-ods\/#breadcrumb\",\"itemListElement\":[{\"@type\":\"ListItem\",\"position\":1,\"name\":\"Portada\",\"item\":\"https:\/\/esffera.com\/blog\/\"},{\"@type\":\"ListItem\",\"position\":2,\"name\":\"Empresas de log\u00edstica, almacenaje y distribuci\u00f3n y los ODS\"}]},{\"@type\":\"WebSite\",\"@id\":\"https:\/\/esffera.com\/blog\/#website\",\"url\":\"https:\/\/esffera.com\/blog\/\",\"name\":\"Esffera Blog\",\"description\":\"\",\"publisher\":{\"@id\":\"https:\/\/esffera.com\/blog\/#organization\"},\"potentialAction\":[{\"@type\":\"SearchAction\",\"target\":{\"@type\":\"EntryPoint\",\"urlTemplate\":\"https:\/\/esffera.com\/blog\/?s={search_term_string}\"},\"query-input\":{\"@type\":\"PropertyValueSpecification\",\"valueRequired\":true,\"valueName\":\"search_term_string\"}}],\"inLanguage\":\"es\"},{\"@type\":\"Organization\",\"@id\":\"https:\/\/esffera.com\/blog\/#organization\",\"name\":\"Esffera Blog\",\"url\":\"https:\/\/esffera.com\/blog\/\",\"logo\":{\"@type\":\"ImageObject\",\"inLanguage\":\"es\",\"@id\":\"https:\/\/esffera.com\/blog\/#\/schema\/logo\/image\/\",\"url\":\"https:\/\/esffera.com\/blog\/wp-content\/uploads\/2025\/12\/logo-esffera-negro.png\",\"contentUrl\":\"https:\/\/esffera.com\/blog\/wp-content\/uploads\/2025\/12\/logo-esffera-negro.png\",\"width\":798,\"height\":321,\"caption\":\"Esffera Blog\"},\"image\":{\"@id\":\"https:\/\/esffera.com\/blog\/#\/schema\/logo\/image\/\"},\"sameAs\":[\"https:\/\/www.tiktok.com\/@esfferatecnologistics\",\"https:\/\/www.linkedin.com\/company\/esffera-tecnologistics\",\"https:\/\/www.instagram.com\/esfferatecnologistics\/\"]},{\"@type\":\"Person\",\"@id\":\"https:\/\/esffera.com\/blog\/#\/schema\/person\/820f06ed7bba656d2566633b2cd43c58\",\"name\":\"admin\",\"image\":{\"@type\":\"ImageObject\",\"inLanguage\":\"es\",\"@id\":\"https:\/\/esffera.com\/blog\/#\/schema\/person\/image\/\",\"url\":\"https:\/\/secure.gravatar.com\/avatar\/aa0035bf7bdeb3438023d75f2e53baba3919802ff16918755455ebee6f9ddadb?s=96&d=mm&r=g\",\"contentUrl\":\"https:\/\/secure.gravatar.com\/avatar\/aa0035bf7bdeb3438023d75f2e53baba3919802ff16918755455ebee6f9ddadb?s=96&d=mm&r=g\",\"caption\":\"admin\"},\"sameAs\":[\"https:\/\/esffera.com\/blog\"],\"url\":\"https:\/\/esffera.com\/blog\/author\/esfferaadm2998\/\"}]}<\/script>\n<!-- \/ Yoast SEO plugin. -->","yoast_head_json":{"title":"Empresas de log\u00edstica, almacenaje y distribuci\u00f3n y los ODS - Esffera Blog","description":"Empresa de Log\u00edstica, Almacenaje y Distribuci\u00f3n en Barcelona. Almacen Logist\u00edco externo especializado en la preparaci\u00f3n de pedidos. Somos su aliado perfecto","robots":{"index":"index","follow":"follow","max-snippet":"max-snippet:-1","max-image-preview":"max-image-preview:large","max-video-preview":"max-video-preview:-1"},"canonical":"https:\/\/esffera.com\/blog\/empresas-de-logistica-almacenaje-y-distribucion-y-los-ods\/","og_locale":"es_ES","og_type":"article","og_title":"Empresas de log\u00edstica, almacenaje y distribuci\u00f3n y los ODS - Esffera Blog","og_description":"Empresa de Log\u00edstica, Almacenaje y Distribuci\u00f3n en Barcelona. Almacen Logist\u00edco externo especializado en la preparaci\u00f3n de pedidos. Somos su aliado perfecto","og_url":"https:\/\/esffera.com\/blog\/empresas-de-logistica-almacenaje-y-distribucion-y-los-ods\/","og_site_name":"Esffera Blog","article_published_time":"2025-12-16T14:36:39+00:00","article_modified_time":"2026-01-13T07:33:42+00:00","og_image":[{"width":640,"height":426,"url":"https:\/\/esffera.com\/blog\/wp-content\/uploads\/2020\/03\/55e3dc414b52ac14f6da8c7dda79367c1138dee557556c4870277fd69e4ec05cb8_640.jpg","type":"image\/jpeg"}],"author":"admin","twitter_card":"summary_large_image","twitter_misc":{"Escrito por":"admin","Tiempo de lectura":"5 minutos"},"schema":{"@context":"https:\/\/schema.org","@graph":[{"@type":"Article","@id":"https:\/\/esffera.com\/blog\/empresas-de-logistica-almacenaje-y-distribucion-y-los-ods\/#article","isPartOf":{"@id":"https:\/\/esffera.com\/blog\/empresas-de-logistica-almacenaje-y-distribucion-y-los-ods\/"},"author":{"name":"admin","@id":"https:\/\/esffera.com\/blog\/#\/schema\/person\/820f06ed7bba656d2566633b2cd43c58"},"headline":"Empresas de log\u00edstica, almacenaje y distribuci\u00f3n y los ODS","datePublished":"2025-12-16T14:36:39+00:00","dateModified":"2026-01-13T07:33:42+00:00","mainEntityOfPage":{"@id":"https:\/\/esffera.com\/blog\/empresas-de-logistica-almacenaje-y-distribucion-y-los-ods\/"},"wordCount":932,"publisher":{"@id":"https:\/\/esffera.com\/blog\/#organization"},"image":{"@id":"https:\/\/esffera.com\/blog\/empresas-de-logistica-almacenaje-y-distribucion-y-los-ods\/#primaryimage"},"thumbnailUrl":"https:\/\/esffera.com\/blog\/wp-content\/uploads\/2020\/03\/55e3dc414b52ac14f6da8c7dda79367c1138dee557556c4870277fd69e4ec05cb8_640.jpg","articleSection":["Uncategorized"],"inLanguage":"es"},{"@type":"WebPage","@id":"https:\/\/esffera.com\/blog\/empresas-de-logistica-almacenaje-y-distribucion-y-los-ods\/","url":"https:\/\/esffera.com\/blog\/empresas-de-logistica-almacenaje-y-distribucion-y-los-ods\/","name":"Empresas de log\u00edstica, almacenaje y distribuci\u00f3n y los ODS - Esffera Blog","isPartOf":{"@id":"https:\/\/esffera.com\/blog\/#website"},"primaryImageOfPage":{"@id":"https:\/\/esffera.com\/blog\/empresas-de-logistica-almacenaje-y-distribucion-y-los-ods\/#primaryimage"},"image":{"@id":"https:\/\/esffera.com\/blog\/empresas-de-logistica-almacenaje-y-distribucion-y-los-ods\/#primaryimage"},"thumbnailUrl":"https:\/\/esffera.com\/blog\/wp-content\/uploads\/2020\/03\/55e3dc414b52ac14f6da8c7dda79367c1138dee557556c4870277fd69e4ec05cb8_640.jpg","datePublished":"2025-12-16T14:36:39+00:00","dateModified":"2026-01-13T07:33:42+00:00","description":"Empresa de Log\u00edstica, Almacenaje y Distribuci\u00f3n en Barcelona. Almacen Logist\u00edco externo especializado en la preparaci\u00f3n de pedidos. Somos su aliado perfecto","breadcrumb":{"@id":"https:\/\/esffera.com\/blog\/empresas-de-logistica-almacenaje-y-distribucion-y-los-ods\/#breadcrumb"},"inLanguage":"es","potentialAction":[{"@type":"ReadAction","target":["https:\/\/esffera.com\/blog\/empresas-de-logistica-almacenaje-y-distribucion-y-los-ods\/"]}]},{"@type":"ImageObject","inLanguage":"es","@id":"https:\/\/esffera.com\/blog\/empresas-de-logistica-almacenaje-y-distribucion-y-los-ods\/#primaryimage","url":"https:\/\/esffera.com\/blog\/wp-content\/uploads\/2020\/03\/55e3dc414b52ac14f6da8c7dda79367c1138dee557556c4870277fd69e4ec05cb8_640.jpg","contentUrl":"https:\/\/esffera.com\/blog\/wp-content\/uploads\/2020\/03\/55e3dc414b52ac14f6da8c7dda79367c1138dee557556c4870277fd69e4ec05cb8_640.jpg","width":640,"height":426,"caption":"highway road trucks vehicles"},{"@type":"BreadcrumbList","@id":"https:\/\/esffera.com\/blog\/empresas-de-logistica-almacenaje-y-distribucion-y-los-ods\/#breadcrumb","itemListElement":[{"@type":"ListItem","position":1,"name":"Portada","item":"https:\/\/esffera.com\/blog\/"},{"@type":"ListItem","position":2,"name":"Empresas de log\u00edstica, almacenaje y distribuci\u00f3n y los ODS"}]},{"@type":"WebSite","@id":"https:\/\/esffera.com\/blog\/#website","url":"https:\/\/esffera.com\/blog\/","name":"Esffera Blog","description":"","publisher":{"@id":"https:\/\/esffera.com\/blog\/#organization"},"potentialAction":[{"@type":"SearchAction","target":{"@type":"EntryPoint","urlTemplate":"https:\/\/esffera.com\/blog\/?s={search_term_string}"},"query-input":{"@type":"PropertyValueSpecification","valueRequired":true,"valueName":"search_term_string"}}],"inLanguage":"es"},{"@type":"Organization","@id":"https:\/\/esffera.com\/blog\/#organization","name":"Esffera Blog","url":"https:\/\/esffera.com\/blog\/","logo":{"@type":"ImageObject","inLanguage":"es","@id":"https:\/\/esffera.com\/blog\/#\/schema\/logo\/image\/","url":"https:\/\/esffera.com\/blog\/wp-content\/uploads\/2025\/12\/logo-esffera-negro.png","contentUrl":"https:\/\/esffera.com\/blog\/wp-content\/uploads\/2025\/12\/logo-esffera-negro.png","width":798,"height":321,"caption":"Esffera Blog"},"image":{"@id":"https:\/\/esffera.com\/blog\/#\/schema\/logo\/image\/"},"sameAs":["https:\/\/www.tiktok.com\/@esfferatecnologistics","https:\/\/www.linkedin.com\/company\/esffera-tecnologistics","https:\/\/www.instagram.com\/esfferatecnologistics\/"]},{"@type":"Person","@id":"https:\/\/esffera.com\/blog\/#\/schema\/person\/820f06ed7bba656d2566633b2cd43c58","name":"admin","image":{"@type":"ImageObject","inLanguage":"es","@id":"https:\/\/esffera.com\/blog\/#\/schema\/person\/image\/","url":"https:\/\/secure.gravatar.com\/avatar\/aa0035bf7bdeb3438023d75f2e53baba3919802ff16918755455ebee6f9ddadb?s=96&d=mm&r=g","contentUrl":"https:\/\/secure.gravatar.com\/avatar\/aa0035bf7bdeb3438023d75f2e53baba3919802ff16918755455ebee6f9ddadb?s=96&d=mm&r=g","caption":"admin"},"sameAs":["https:\/\/esffera.com\/blog"],"url":"https:\/\/esffera.com\/blog\/author\/esfferaadm2998\/"}]}},"_links":{"self":[{"href":"https:\/\/esffera.com\/blog\/wp-json\/wp\/v2\/posts\/4275","targetHints":{"allow":["GET"]}}],"collection":[{"href":"https:\/\/esffera.com\/blog\/wp-json\/wp\/v2\/posts"}],"about":[{"href":"https:\/\/esffera.com\/blog\/wp-json\/wp\/v2\/types\/post"}],"author":[{"embeddable":true,"href":"https:\/\/esffera.com\/blog\/wp-json\/wp\/v2\/users\/1"}],"replies":[{"embeddable":true,"href":"https:\/\/esffera.com\/blog\/wp-json\/wp\/v2\/comments?post=4275"}],"version-history":[{"count":2,"href":"https:\/\/esffera.com\/blog\/wp-json\/wp\/v2\/posts\/4275\/revisions"}],"predecessor-version":[{"id":4577,"href":"https:\/\/esffera.com\/blog\/wp-json\/wp\/v2\/posts\/4275\/revisions\/4577"}],"wp:featuredmedia":[{"embeddable":true,"href":"https:\/\/esffera.com\/blog\/wp-json\/wp\/v2\/media\/4394"}],"wp:attachment":[{"href":"https:\/\/esffera.com\/blog\/wp-json\/wp\/v2\/media?parent=4275"}],"wp:term":[{"taxonomy":"category","embeddable":true,"href":"https:\/\/esffera.com\/blog\/wp-json\/wp\/v2\/categories?post=4275"},{"taxonomy":"post_tag","embeddable":true,"href":"https:\/\/esffera.com\/blog\/wp-json\/wp\/v2\/tags?post=4275"}],"curies":[{"name":"wp","href":"https:\/\/api.w.org\/{rel}","templated":true}]}}