{"id":716,"date":"2025-12-16T14:39:13","date_gmt":"2025-12-16T14:39:13","guid":{"rendered":"http:\/\/www.galyco.com\/?p=432"},"modified":"2026-01-22T07:49:40","modified_gmt":"2026-01-22T07:49:40","slug":"economias-de-escala-para-servicios-integrales","status":"publish","type":"post","link":"https:\/\/esffera.com\/blog\/economias-de-escala-para-servicios-integrales\/","title":{"rendered":"Econom\u00edas de escala para servicios integrales."},"content":{"rendered":"<p>La coordinaci\u00f3n de la Cadena log\u00edstica implica todo un sistema de flujos tanto de la informaci\u00f3n como de las mercanc\u00edas.<\/p>\n<p>La integraci\u00f3n de todos ellos permite reducir los costes de distribuir el producto hasta el usuario final variabiliz\u00e1ndolos y reduci\u00e9ndolos fundamentalmente en inventario, almacenamiento, costes de gesti\u00f3n y trasporte.<\/p>\n<p>Entregar los productos en tiempo previstos acondicionando los costes para una satisfacci\u00f3n total del servio sin errores.<\/p>\n<p>Grupo log\u00edstico esffera le ofrece esta posibilidad.<\/p>\n<div id=\"ficheros\">\n<p><img fetchpriority=\"high\" decoding=\"async\" class=\" wp-image-4392 aligncenter\" src=\"https:\/\/esffera.com\/blog\/wp-content\/uploads\/2017\/01\/cadena-logistica-300x211.jpg\" alt=\"\" width=\"482\" height=\"339\" srcset=\"https:\/\/esffera.com\/blog\/wp-content\/uploads\/2017\/01\/cadena-logistica-300x211.jpg 300w, https:\/\/esffera.com\/blog\/wp-content\/uploads\/2017\/01\/cadena-logistica-768x539.jpg 768w, https:\/\/esffera.com\/blog\/wp-content\/uploads\/2017\/01\/cadena-logistica.jpg 826w\" sizes=\"(max-width: 482px) 100vw, 482px\" \/><\/p>\n<\/div>\n","protected":false},"excerpt":{"rendered":"<p>La coordinaci\u00f3n de la Cadena log\u00edstica implica todo un sistema de flujos tanto de la informaci\u00f3n como de las mercanc\u00edas. La integraci\u00f3n de todos ellos permite reducir los costes de distribuir el\u2026<\/p>\n","protected":false},"author":1,"featured_media":4392,"comment_status":"closed","ping_status":"closed","sticky":false,"template":"","format":"standard","meta":{"postBodyCss":"","postBodyMargin":[],"postBodyPadding":[],"postBodyBackground":{"backgroundType":"classic","gradient":""},"footnotes":""},"categories":[20],"tags":[],"class_list":["post-716","post","type-post","status-publish","format-standard","has-post-thumbnail","hentry","category-sin-categoria-es"],"yoast_head":"<!-- This site is optimized with the Yoast SEO plugin v26.7 - https:\/\/yoast.com\/wordpress\/plugins\/seo\/ -->\n<title>Econom\u00edas de escala para servicios integrales -Galyco Logistic Forwarding<\/title>\n<meta name=\"description\" content=\"La coordinaci\u00f3n de la Cadena log\u00edstica implica todo un sistema de flujos tanto de la informaci\u00f3n como de las mercanc\u00edas. Galyco Logistic Forwarding\" \/>\n<meta name=\"robots\" content=\"index, follow, max-snippet:-1, max-image-preview:large, max-video-preview:-1\" \/>\n<link rel=\"canonical\" href=\"https:\/\/esffera.com\/blog\/economias-de-escala-para-servicios-integrales\/\" \/>\n<meta property=\"og:locale\" content=\"es_ES\" \/>\n<meta property=\"og:type\" content=\"article\" \/>\n<meta property=\"og:title\" content=\"Econom\u00edas de escala para servicios integrales -Galyco Logistic Forwarding\" \/>\n<meta property=\"og:description\" content=\"La coordinaci\u00f3n de la Cadena log\u00edstica implica todo un sistema de flujos tanto de la informaci\u00f3n como de las mercanc\u00edas. Galyco Logistic Forwarding\" \/>\n<meta property=\"og:url\" content=\"https:\/\/esffera.com\/blog\/economias-de-escala-para-servicios-integrales\/\" \/>\n<meta property=\"og:site_name\" content=\"Esffera Blog\" \/>\n<meta property=\"article:published_time\" content=\"2025-12-16T14:39:13+00:00\" \/>\n<meta property=\"article:modified_time\" content=\"2026-01-22T07:49:40+00:00\" \/>\n<meta property=\"og:image\" content=\"https:\/\/esffera.com\/blog\/wp-content\/uploads\/2017\/01\/cadena-logistica.jpg\" \/>\n\t<meta property=\"og:image:width\" content=\"826\" \/>\n\t<meta property=\"og:image:height\" content=\"580\" \/>\n\t<meta property=\"og:image:type\" content=\"image\/jpeg\" \/>\n<meta name=\"author\" content=\"admin\" \/>\n<meta name=\"twitter:card\" content=\"summary_large_image\" \/>\n<meta name=\"twitter:label1\" content=\"Escrito por\" \/>\n\t<meta name=\"twitter:data1\" content=\"admin\" \/>\n\t<meta name=\"twitter:label2\" content=\"Tiempo de lectura\" \/>\n\t<meta name=\"twitter:data2\" content=\"1 minuto\" \/>\n<script type=\"application\/ld+json\" class=\"yoast-schema-graph\">{\"@context\":\"https:\/\/schema.org\",\"@graph\":[{\"@type\":\"Article\",\"@id\":\"https:\/\/esffera.com\/blog\/economias-de-escala-para-servicios-integrales\/#article\",\"isPartOf\":{\"@id\":\"https:\/\/esffera.com\/blog\/economias-de-escala-para-servicios-integrales\/\"},\"author\":{\"name\":\"admin\",\"@id\":\"https:\/\/esffera.com\/blog\/#\/schema\/person\/820f06ed7bba656d2566633b2cd43c58\"},\"headline\":\"Econom\u00edas de escala para servicios integrales.\",\"datePublished\":\"2025-12-16T14:39:13+00:00\",\"dateModified\":\"2026-01-22T07:49:40+00:00\",\"mainEntityOfPage\":{\"@id\":\"https:\/\/esffera.com\/blog\/economias-de-escala-para-servicios-integrales\/\"},\"wordCount\":90,\"publisher\":{\"@id\":\"https:\/\/esffera.com\/blog\/#organization\"},\"image\":{\"@id\":\"https:\/\/esffera.com\/blog\/economias-de-escala-para-servicios-integrales\/#primaryimage\"},\"thumbnailUrl\":\"https:\/\/esffera.com\/blog\/wp-content\/uploads\/2017\/01\/cadena-logistica.jpg\",\"inLanguage\":\"es\"},{\"@type\":\"WebPage\",\"@id\":\"https:\/\/esffera.com\/blog\/economias-de-escala-para-servicios-integrales\/\",\"url\":\"https:\/\/esffera.com\/blog\/economias-de-escala-para-servicios-integrales\/\",\"name\":\"Econom\u00edas de escala para servicios integrales -Galyco Logistic Forwarding\",\"isPartOf\":{\"@id\":\"https:\/\/esffera.com\/blog\/#website\"},\"primaryImageOfPage\":{\"@id\":\"https:\/\/esffera.com\/blog\/economias-de-escala-para-servicios-integrales\/#primaryimage\"},\"image\":{\"@id\":\"https:\/\/esffera.com\/blog\/economias-de-escala-para-servicios-integrales\/#primaryimage\"},\"thumbnailUrl\":\"https:\/\/esffera.com\/blog\/wp-content\/uploads\/2017\/01\/cadena-logistica.jpg\",\"datePublished\":\"2025-12-16T14:39:13+00:00\",\"dateModified\":\"2026-01-22T07:49:40+00:00\",\"description\":\"La coordinaci\u00f3n de la Cadena log\u00edstica implica todo un sistema de flujos tanto de la informaci\u00f3n como de las mercanc\u00edas. Galyco Logistic Forwarding\",\"breadcrumb\":{\"@id\":\"https:\/\/esffera.com\/blog\/economias-de-escala-para-servicios-integrales\/#breadcrumb\"},\"inLanguage\":\"es\",\"potentialAction\":[{\"@type\":\"ReadAction\",\"target\":[\"https:\/\/esffera.com\/blog\/economias-de-escala-para-servicios-integrales\/\"]}]},{\"@type\":\"ImageObject\",\"inLanguage\":\"es\",\"@id\":\"https:\/\/esffera.com\/blog\/economias-de-escala-para-servicios-integrales\/#primaryimage\",\"url\":\"https:\/\/esffera.com\/blog\/wp-content\/uploads\/2017\/01\/cadena-logistica.jpg\",\"contentUrl\":\"https:\/\/esffera.com\/blog\/wp-content\/uploads\/2017\/01\/cadena-logistica.jpg\",\"width\":826,\"height\":580,\"caption\":\"http:\/\/dl.dropbox.com\/s\/ogzjaalpwgx8t8q\/Cargo_s.jpg\"},{\"@type\":\"BreadcrumbList\",\"@id\":\"https:\/\/esffera.com\/blog\/economias-de-escala-para-servicios-integrales\/#breadcrumb\",\"itemListElement\":[{\"@type\":\"ListItem\",\"position\":1,\"name\":\"Portada\",\"item\":\"https:\/\/esffera.com\/blog\/\"},{\"@type\":\"ListItem\",\"position\":2,\"name\":\"Econom\u00edas de escala para servicios integrales.\"}]},{\"@type\":\"WebSite\",\"@id\":\"https:\/\/esffera.com\/blog\/#website\",\"url\":\"https:\/\/esffera.com\/blog\/\",\"name\":\"Esffera Blog\",\"description\":\"\",\"publisher\":{\"@id\":\"https:\/\/esffera.com\/blog\/#organization\"},\"potentialAction\":[{\"@type\":\"SearchAction\",\"target\":{\"@type\":\"EntryPoint\",\"urlTemplate\":\"https:\/\/esffera.com\/blog\/?s={search_term_string}\"},\"query-input\":{\"@type\":\"PropertyValueSpecification\",\"valueRequired\":true,\"valueName\":\"search_term_string\"}}],\"inLanguage\":\"es\"},{\"@type\":\"Organization\",\"@id\":\"https:\/\/esffera.com\/blog\/#organization\",\"name\":\"Esffera Blog\",\"url\":\"https:\/\/esffera.com\/blog\/\",\"logo\":{\"@type\":\"ImageObject\",\"inLanguage\":\"es\",\"@id\":\"https:\/\/esffera.com\/blog\/#\/schema\/logo\/image\/\",\"url\":\"https:\/\/esffera.com\/blog\/wp-content\/uploads\/2025\/12\/logo-esffera-negro.png\",\"contentUrl\":\"https:\/\/esffera.com\/blog\/wp-content\/uploads\/2025\/12\/logo-esffera-negro.png\",\"width\":798,\"height\":321,\"caption\":\"Esffera Blog\"},\"image\":{\"@id\":\"https:\/\/esffera.com\/blog\/#\/schema\/logo\/image\/\"},\"sameAs\":[\"https:\/\/www.tiktok.com\/@esfferatecnologistics\",\"https:\/\/www.linkedin.com\/company\/esffera-tecnologistics\",\"https:\/\/www.instagram.com\/esfferatecnologistics\/\"]},{\"@type\":\"Person\",\"@id\":\"https:\/\/esffera.com\/blog\/#\/schema\/person\/820f06ed7bba656d2566633b2cd43c58\",\"name\":\"admin\",\"image\":{\"@type\":\"ImageObject\",\"inLanguage\":\"es\",\"@id\":\"https:\/\/esffera.com\/blog\/#\/schema\/person\/image\/\",\"url\":\"https:\/\/secure.gravatar.com\/avatar\/aa0035bf7bdeb3438023d75f2e53baba3919802ff16918755455ebee6f9ddadb?s=96&d=mm&r=g\",\"contentUrl\":\"https:\/\/secure.gravatar.com\/avatar\/aa0035bf7bdeb3438023d75f2e53baba3919802ff16918755455ebee6f9ddadb?s=96&d=mm&r=g\",\"caption\":\"admin\"},\"sameAs\":[\"https:\/\/esffera.com\/blog\"],\"url\":\"https:\/\/esffera.com\/blog\/author\/esfferaadm2998\/\"}]}<\/script>\n<!-- \/ Yoast SEO plugin. -->","yoast_head_json":{"title":"Econom\u00edas de escala para servicios integrales -Galyco Logistic Forwarding","description":"La coordinaci\u00f3n de la Cadena log\u00edstica implica todo un sistema de flujos tanto de la informaci\u00f3n como de las mercanc\u00edas. Galyco Logistic Forwarding","robots":{"index":"index","follow":"follow","max-snippet":"max-snippet:-1","max-image-preview":"max-image-preview:large","max-video-preview":"max-video-preview:-1"},"canonical":"https:\/\/esffera.com\/blog\/economias-de-escala-para-servicios-integrales\/","og_locale":"es_ES","og_type":"article","og_title":"Econom\u00edas de escala para servicios integrales -Galyco Logistic Forwarding","og_description":"La coordinaci\u00f3n de la Cadena log\u00edstica implica todo un sistema de flujos tanto de la informaci\u00f3n como de las mercanc\u00edas. Galyco Logistic Forwarding","og_url":"https:\/\/esffera.com\/blog\/economias-de-escala-para-servicios-integrales\/","og_site_name":"Esffera Blog","article_published_time":"2025-12-16T14:39:13+00:00","article_modified_time":"2026-01-22T07:49:40+00:00","og_image":[{"width":826,"height":580,"url":"https:\/\/esffera.com\/blog\/wp-content\/uploads\/2017\/01\/cadena-logistica.jpg","type":"image\/jpeg"}],"author":"admin","twitter_card":"summary_large_image","twitter_misc":{"Escrito por":"admin","Tiempo de lectura":"1 minuto"},"schema":{"@context":"https:\/\/schema.org","@graph":[{"@type":"Article","@id":"https:\/\/esffera.com\/blog\/economias-de-escala-para-servicios-integrales\/#article","isPartOf":{"@id":"https:\/\/esffera.com\/blog\/economias-de-escala-para-servicios-integrales\/"},"author":{"name":"admin","@id":"https:\/\/esffera.com\/blog\/#\/schema\/person\/820f06ed7bba656d2566633b2cd43c58"},"headline":"Econom\u00edas de escala para servicios integrales.","datePublished":"2025-12-16T14:39:13+00:00","dateModified":"2026-01-22T07:49:40+00:00","mainEntityOfPage":{"@id":"https:\/\/esffera.com\/blog\/economias-de-escala-para-servicios-integrales\/"},"wordCount":90,"publisher":{"@id":"https:\/\/esffera.com\/blog\/#organization"},"image":{"@id":"https:\/\/esffera.com\/blog\/economias-de-escala-para-servicios-integrales\/#primaryimage"},"thumbnailUrl":"https:\/\/esffera.com\/blog\/wp-content\/uploads\/2017\/01\/cadena-logistica.jpg","inLanguage":"es"},{"@type":"WebPage","@id":"https:\/\/esffera.com\/blog\/economias-de-escala-para-servicios-integrales\/","url":"https:\/\/esffera.com\/blog\/economias-de-escala-para-servicios-integrales\/","name":"Econom\u00edas de escala para servicios integrales -Galyco Logistic Forwarding","isPartOf":{"@id":"https:\/\/esffera.com\/blog\/#website"},"primaryImageOfPage":{"@id":"https:\/\/esffera.com\/blog\/economias-de-escala-para-servicios-integrales\/#primaryimage"},"image":{"@id":"https:\/\/esffera.com\/blog\/economias-de-escala-para-servicios-integrales\/#primaryimage"},"thumbnailUrl":"https:\/\/esffera.com\/blog\/wp-content\/uploads\/2017\/01\/cadena-logistica.jpg","datePublished":"2025-12-16T14:39:13+00:00","dateModified":"2026-01-22T07:49:40+00:00","description":"La coordinaci\u00f3n de la Cadena log\u00edstica implica todo un sistema de flujos tanto de la informaci\u00f3n como de las mercanc\u00edas. Galyco Logistic Forwarding","breadcrumb":{"@id":"https:\/\/esffera.com\/blog\/economias-de-escala-para-servicios-integrales\/#breadcrumb"},"inLanguage":"es","potentialAction":[{"@type":"ReadAction","target":["https:\/\/esffera.com\/blog\/economias-de-escala-para-servicios-integrales\/"]}]},{"@type":"ImageObject","inLanguage":"es","@id":"https:\/\/esffera.com\/blog\/economias-de-escala-para-servicios-integrales\/#primaryimage","url":"https:\/\/esffera.com\/blog\/wp-content\/uploads\/2017\/01\/cadena-logistica.jpg","contentUrl":"https:\/\/esffera.com\/blog\/wp-content\/uploads\/2017\/01\/cadena-logistica.jpg","width":826,"height":580,"caption":"http:\/\/dl.dropbox.com\/s\/ogzjaalpwgx8t8q\/Cargo_s.jpg"},{"@type":"BreadcrumbList","@id":"https:\/\/esffera.com\/blog\/economias-de-escala-para-servicios-integrales\/#breadcrumb","itemListElement":[{"@type":"ListItem","position":1,"name":"Portada","item":"https:\/\/esffera.com\/blog\/"},{"@type":"ListItem","position":2,"name":"Econom\u00edas de escala para servicios integrales."}]},{"@type":"WebSite","@id":"https:\/\/esffera.com\/blog\/#website","url":"https:\/\/esffera.com\/blog\/","name":"Esffera Blog","description":"","publisher":{"@id":"https:\/\/esffera.com\/blog\/#organization"},"potentialAction":[{"@type":"SearchAction","target":{"@type":"EntryPoint","urlTemplate":"https:\/\/esffera.com\/blog\/?s={search_term_string}"},"query-input":{"@type":"PropertyValueSpecification","valueRequired":true,"valueName":"search_term_string"}}],"inLanguage":"es"},{"@type":"Organization","@id":"https:\/\/esffera.com\/blog\/#organization","name":"Esffera Blog","url":"https:\/\/esffera.com\/blog\/","logo":{"@type":"ImageObject","inLanguage":"es","@id":"https:\/\/esffera.com\/blog\/#\/schema\/logo\/image\/","url":"https:\/\/esffera.com\/blog\/wp-content\/uploads\/2025\/12\/logo-esffera-negro.png","contentUrl":"https:\/\/esffera.com\/blog\/wp-content\/uploads\/2025\/12\/logo-esffera-negro.png","width":798,"height":321,"caption":"Esffera Blog"},"image":{"@id":"https:\/\/esffera.com\/blog\/#\/schema\/logo\/image\/"},"sameAs":["https:\/\/www.tiktok.com\/@esfferatecnologistics","https:\/\/www.linkedin.com\/company\/esffera-tecnologistics","https:\/\/www.instagram.com\/esfferatecnologistics\/"]},{"@type":"Person","@id":"https:\/\/esffera.com\/blog\/#\/schema\/person\/820f06ed7bba656d2566633b2cd43c58","name":"admin","image":{"@type":"ImageObject","inLanguage":"es","@id":"https:\/\/esffera.com\/blog\/#\/schema\/person\/image\/","url":"https:\/\/secure.gravatar.com\/avatar\/aa0035bf7bdeb3438023d75f2e53baba3919802ff16918755455ebee6f9ddadb?s=96&d=mm&r=g","contentUrl":"https:\/\/secure.gravatar.com\/avatar\/aa0035bf7bdeb3438023d75f2e53baba3919802ff16918755455ebee6f9ddadb?s=96&d=mm&r=g","caption":"admin"},"sameAs":["https:\/\/esffera.com\/blog"],"url":"https:\/\/esffera.com\/blog\/author\/esfferaadm2998\/"}]}},"_links":{"self":[{"href":"https:\/\/esffera.com\/blog\/wp-json\/wp\/v2\/posts\/716","targetHints":{"allow":["GET"]}}],"collection":[{"href":"https:\/\/esffera.com\/blog\/wp-json\/wp\/v2\/posts"}],"about":[{"href":"https:\/\/esffera.com\/blog\/wp-json\/wp\/v2\/types\/post"}],"author":[{"embeddable":true,"href":"https:\/\/esffera.com\/blog\/wp-json\/wp\/v2\/users\/1"}],"replies":[{"embeddable":true,"href":"https:\/\/esffera.com\/blog\/wp-json\/wp\/v2\/comments?post=716"}],"version-history":[{"count":2,"href":"https:\/\/esffera.com\/blog\/wp-json\/wp\/v2\/posts\/716\/revisions"}],"predecessor-version":[{"id":4643,"href":"https:\/\/esffera.com\/blog\/wp-json\/wp\/v2\/posts\/716\/revisions\/4643"}],"wp:featuredmedia":[{"embeddable":true,"href":"https:\/\/esffera.com\/blog\/wp-json\/wp\/v2\/media\/4392"}],"wp:attachment":[{"href":"https:\/\/esffera.com\/blog\/wp-json\/wp\/v2\/media?parent=716"}],"wp:term":[{"taxonomy":"category","embeddable":true,"href":"https:\/\/esffera.com\/blog\/wp-json\/wp\/v2\/categories?post=716"},{"taxonomy":"post_tag","embeddable":true,"href":"https:\/\/esffera.com\/blog\/wp-json\/wp\/v2\/tags?post=716"}],"curies":[{"name":"wp","href":"https:\/\/api.w.org\/{rel}","templated":true}]}}