{"id":717,"date":"2025-12-16T14:39:14","date_gmt":"2025-12-16T14:39:14","guid":{"rendered":"http:\/\/www.galyco.com\/?p=434"},"modified":"2026-01-22T07:51:05","modified_gmt":"2026-01-22T07:51:05","slug":"laboratorios-boniquet-e-interlax-confian-su-logistica-a-galyco","status":"publish","type":"post","link":"https:\/\/esffera.com\/blog\/laboratorios-boniquet-e-interlax-confian-su-logistica-a-galyco\/","title":{"rendered":"Los laboratorios Boniquet e Interlax confian su logistica a esffera."},"content":{"rendered":"<p>&nbsp;<\/p>\n<p><img fetchpriority=\"high\" decoding=\"async\" class=\"wp-image-4393 alignleft\" src=\"https:\/\/esffera.com\/blog\/wp-content\/uploads\/2006\/02\/home_5-300x121.jpg\" alt=\"\" width=\"533\" height=\"215\" srcset=\"https:\/\/esffera.com\/blog\/wp-content\/uploads\/2006\/02\/home_5-300x121.jpg 300w, https:\/\/esffera.com\/blog\/wp-content\/uploads\/2006\/02\/home_5-768x310.jpg 768w, https:\/\/esffera.com\/blog\/wp-content\/uploads\/2006\/02\/home_5.jpg 980w\" sizes=\"(max-width: 533px) 100vw, 533px\" \/><\/p>\n<p>Desde del d\u00eda uno de Enero de este mismo a\u00f1o, los laboratorios Boniquet e Interlax, confiaron la log\u00edstica para la distribuci\u00f3n de sus productos para Espa\u00f1a y Portugal al grupo log\u00edstico esffera.<\/p>\n<p>&nbsp;<\/p>\n","protected":false},"excerpt":{"rendered":"<p>&nbsp; Desde del d\u00eda uno de Enero de este mismo a\u00f1o, los laboratorios Boniquet e Interlax, confiaron la log\u00edstica para la distribuci\u00f3n de sus productos para Espa\u00f1a y Portugal al grupo log\u00edstico\u2026<\/p>\n","protected":false},"author":1,"featured_media":4393,"comment_status":"closed","ping_status":"closed","sticky":false,"template":"","format":"standard","meta":{"postBodyCss":"","postBodyMargin":[],"postBodyPadding":[],"postBodyBackground":{"backgroundType":"classic","gradient":""},"footnotes":""},"categories":[20],"tags":[],"class_list":["post-717","post","type-post","status-publish","format-standard","has-post-thumbnail","hentry","category-sin-categoria-es"],"yoast_head":"<!-- This site is optimized with the Yoast SEO plugin v26.7 - https:\/\/yoast.com\/wordpress\/plugins\/seo\/ -->\n<title>Los laboratorios Boniquet e Interlax confian su logistica a Galyco<\/title>\n<meta name=\"robots\" content=\"index, follow, max-snippet:-1, max-image-preview:large, max-video-preview:-1\" \/>\n<link rel=\"canonical\" href=\"https:\/\/esffera.com\/blog\/laboratorios-boniquet-e-interlax-confian-su-logistica-a-galyco\/\" \/>\n<meta property=\"og:locale\" content=\"es_ES\" \/>\n<meta property=\"og:type\" content=\"article\" \/>\n<meta property=\"og:title\" content=\"Los laboratorios Boniquet e Interlax confian su logistica a Galyco\" \/>\n<meta property=\"og:description\" content=\"&nbsp; Desde del d\u00eda uno de Enero de este mismo a\u00f1o, los laboratorios Boniquet e Interlax, confiaron la log\u00edstica para la distribuci\u00f3n de sus productos para Espa\u00f1a y Portugal al grupo log\u00edstico\u2026\" \/>\n<meta property=\"og:url\" content=\"https:\/\/esffera.com\/blog\/laboratorios-boniquet-e-interlax-confian-su-logistica-a-galyco\/\" \/>\n<meta property=\"og:site_name\" content=\"Esffera Blog\" \/>\n<meta property=\"article:published_time\" content=\"2025-12-16T14:39:14+00:00\" \/>\n<meta property=\"article:modified_time\" content=\"2026-01-22T07:51:05+00:00\" \/>\n<meta property=\"og:image\" content=\"https:\/\/esffera.com\/blog\/wp-content\/uploads\/2006\/02\/home_5.jpg\" \/>\n\t<meta property=\"og:image:width\" content=\"980\" \/>\n\t<meta property=\"og:image:height\" content=\"396\" \/>\n\t<meta property=\"og:image:type\" content=\"image\/jpeg\" \/>\n<meta name=\"author\" content=\"admin\" \/>\n<meta name=\"twitter:card\" content=\"summary_large_image\" \/>\n<meta name=\"twitter:label1\" content=\"Escrito por\" \/>\n\t<meta name=\"twitter:data1\" content=\"admin\" \/>\n\t<meta name=\"twitter:label2\" content=\"Tiempo de lectura\" \/>\n\t<meta name=\"twitter:data2\" content=\"1 minuto\" \/>\n<script type=\"application\/ld+json\" class=\"yoast-schema-graph\">{\"@context\":\"https:\/\/schema.org\",\"@graph\":[{\"@type\":\"Article\",\"@id\":\"https:\/\/esffera.com\/blog\/laboratorios-boniquet-e-interlax-confian-su-logistica-a-galyco\/#article\",\"isPartOf\":{\"@id\":\"https:\/\/esffera.com\/blog\/laboratorios-boniquet-e-interlax-confian-su-logistica-a-galyco\/\"},\"author\":{\"name\":\"admin\",\"@id\":\"https:\/\/esffera.com\/blog\/#\/schema\/person\/820f06ed7bba656d2566633b2cd43c58\"},\"headline\":\"Los laboratorios Boniquet e Interlax confian su logistica a esffera.\",\"datePublished\":\"2025-12-16T14:39:14+00:00\",\"dateModified\":\"2026-01-22T07:51:05+00:00\",\"mainEntityOfPage\":{\"@id\":\"https:\/\/esffera.com\/blog\/laboratorios-boniquet-e-interlax-confian-su-logistica-a-galyco\/\"},\"wordCount\":50,\"publisher\":{\"@id\":\"https:\/\/esffera.com\/blog\/#organization\"},\"image\":{\"@id\":\"https:\/\/esffera.com\/blog\/laboratorios-boniquet-e-interlax-confian-su-logistica-a-galyco\/#primaryimage\"},\"thumbnailUrl\":\"https:\/\/esffera.com\/blog\/wp-content\/uploads\/2006\/02\/home_5.jpg\",\"inLanguage\":\"es\"},{\"@type\":\"WebPage\",\"@id\":\"https:\/\/esffera.com\/blog\/laboratorios-boniquet-e-interlax-confian-su-logistica-a-galyco\/\",\"url\":\"https:\/\/esffera.com\/blog\/laboratorios-boniquet-e-interlax-confian-su-logistica-a-galyco\/\",\"name\":\"Los laboratorios Boniquet e Interlax confian su logistica a Galyco\",\"isPartOf\":{\"@id\":\"https:\/\/esffera.com\/blog\/#website\"},\"primaryImageOfPage\":{\"@id\":\"https:\/\/esffera.com\/blog\/laboratorios-boniquet-e-interlax-confian-su-logistica-a-galyco\/#primaryimage\"},\"image\":{\"@id\":\"https:\/\/esffera.com\/blog\/laboratorios-boniquet-e-interlax-confian-su-logistica-a-galyco\/#primaryimage\"},\"thumbnailUrl\":\"https:\/\/esffera.com\/blog\/wp-content\/uploads\/2006\/02\/home_5.jpg\",\"datePublished\":\"2025-12-16T14:39:14+00:00\",\"dateModified\":\"2026-01-22T07:51:05+00:00\",\"breadcrumb\":{\"@id\":\"https:\/\/esffera.com\/blog\/laboratorios-boniquet-e-interlax-confian-su-logistica-a-galyco\/#breadcrumb\"},\"inLanguage\":\"es\",\"potentialAction\":[{\"@type\":\"ReadAction\",\"target\":[\"https:\/\/esffera.com\/blog\/laboratorios-boniquet-e-interlax-confian-su-logistica-a-galyco\/\"]}]},{\"@type\":\"ImageObject\",\"inLanguage\":\"es\",\"@id\":\"https:\/\/esffera.com\/blog\/laboratorios-boniquet-e-interlax-confian-su-logistica-a-galyco\/#primaryimage\",\"url\":\"https:\/\/esffera.com\/blog\/wp-content\/uploads\/2006\/02\/home_5.jpg\",\"contentUrl\":\"https:\/\/esffera.com\/blog\/wp-content\/uploads\/2006\/02\/home_5.jpg\",\"width\":980,\"height\":396},{\"@type\":\"BreadcrumbList\",\"@id\":\"https:\/\/esffera.com\/blog\/laboratorios-boniquet-e-interlax-confian-su-logistica-a-galyco\/#breadcrumb\",\"itemListElement\":[{\"@type\":\"ListItem\",\"position\":1,\"name\":\"Portada\",\"item\":\"https:\/\/esffera.com\/blog\/\"},{\"@type\":\"ListItem\",\"position\":2,\"name\":\"Los laboratorios Boniquet e Interlax confian su logistica a esffera.\"}]},{\"@type\":\"WebSite\",\"@id\":\"https:\/\/esffera.com\/blog\/#website\",\"url\":\"https:\/\/esffera.com\/blog\/\",\"name\":\"Esffera Blog\",\"description\":\"\",\"publisher\":{\"@id\":\"https:\/\/esffera.com\/blog\/#organization\"},\"potentialAction\":[{\"@type\":\"SearchAction\",\"target\":{\"@type\":\"EntryPoint\",\"urlTemplate\":\"https:\/\/esffera.com\/blog\/?s={search_term_string}\"},\"query-input\":{\"@type\":\"PropertyValueSpecification\",\"valueRequired\":true,\"valueName\":\"search_term_string\"}}],\"inLanguage\":\"es\"},{\"@type\":\"Organization\",\"@id\":\"https:\/\/esffera.com\/blog\/#organization\",\"name\":\"Esffera Blog\",\"url\":\"https:\/\/esffera.com\/blog\/\",\"logo\":{\"@type\":\"ImageObject\",\"inLanguage\":\"es\",\"@id\":\"https:\/\/esffera.com\/blog\/#\/schema\/logo\/image\/\",\"url\":\"https:\/\/esffera.com\/blog\/wp-content\/uploads\/2025\/12\/logo-esffera-negro.png\",\"contentUrl\":\"https:\/\/esffera.com\/blog\/wp-content\/uploads\/2025\/12\/logo-esffera-negro.png\",\"width\":798,\"height\":321,\"caption\":\"Esffera Blog\"},\"image\":{\"@id\":\"https:\/\/esffera.com\/blog\/#\/schema\/logo\/image\/\"},\"sameAs\":[\"https:\/\/www.tiktok.com\/@esfferatecnologistics\",\"https:\/\/www.linkedin.com\/company\/esffera-tecnologistics\",\"https:\/\/www.instagram.com\/esfferatecnologistics\/\"]},{\"@type\":\"Person\",\"@id\":\"https:\/\/esffera.com\/blog\/#\/schema\/person\/820f06ed7bba656d2566633b2cd43c58\",\"name\":\"admin\",\"image\":{\"@type\":\"ImageObject\",\"inLanguage\":\"es\",\"@id\":\"https:\/\/esffera.com\/blog\/#\/schema\/person\/image\/\",\"url\":\"https:\/\/secure.gravatar.com\/avatar\/aa0035bf7bdeb3438023d75f2e53baba3919802ff16918755455ebee6f9ddadb?s=96&d=mm&r=g\",\"contentUrl\":\"https:\/\/secure.gravatar.com\/avatar\/aa0035bf7bdeb3438023d75f2e53baba3919802ff16918755455ebee6f9ddadb?s=96&d=mm&r=g\",\"caption\":\"admin\"},\"sameAs\":[\"https:\/\/esffera.com\/blog\"],\"url\":\"https:\/\/esffera.com\/blog\/author\/esfferaadm2998\/\"}]}<\/script>\n<!-- \/ Yoast SEO plugin. -->","yoast_head_json":{"title":"Los laboratorios Boniquet e Interlax confian su logistica a Galyco","robots":{"index":"index","follow":"follow","max-snippet":"max-snippet:-1","max-image-preview":"max-image-preview:large","max-video-preview":"max-video-preview:-1"},"canonical":"https:\/\/esffera.com\/blog\/laboratorios-boniquet-e-interlax-confian-su-logistica-a-galyco\/","og_locale":"es_ES","og_type":"article","og_title":"Los laboratorios Boniquet e Interlax confian su logistica a Galyco","og_description":"&nbsp; Desde del d\u00eda uno de Enero de este mismo a\u00f1o, los laboratorios Boniquet e Interlax, confiaron la log\u00edstica para la distribuci\u00f3n de sus productos para Espa\u00f1a y Portugal al grupo log\u00edstico\u2026","og_url":"https:\/\/esffera.com\/blog\/laboratorios-boniquet-e-interlax-confian-su-logistica-a-galyco\/","og_site_name":"Esffera Blog","article_published_time":"2025-12-16T14:39:14+00:00","article_modified_time":"2026-01-22T07:51:05+00:00","og_image":[{"width":980,"height":396,"url":"https:\/\/esffera.com\/blog\/wp-content\/uploads\/2006\/02\/home_5.jpg","type":"image\/jpeg"}],"author":"admin","twitter_card":"summary_large_image","twitter_misc":{"Escrito por":"admin","Tiempo de lectura":"1 minuto"},"schema":{"@context":"https:\/\/schema.org","@graph":[{"@type":"Article","@id":"https:\/\/esffera.com\/blog\/laboratorios-boniquet-e-interlax-confian-su-logistica-a-galyco\/#article","isPartOf":{"@id":"https:\/\/esffera.com\/blog\/laboratorios-boniquet-e-interlax-confian-su-logistica-a-galyco\/"},"author":{"name":"admin","@id":"https:\/\/esffera.com\/blog\/#\/schema\/person\/820f06ed7bba656d2566633b2cd43c58"},"headline":"Los laboratorios Boniquet e Interlax confian su logistica a esffera.","datePublished":"2025-12-16T14:39:14+00:00","dateModified":"2026-01-22T07:51:05+00:00","mainEntityOfPage":{"@id":"https:\/\/esffera.com\/blog\/laboratorios-boniquet-e-interlax-confian-su-logistica-a-galyco\/"},"wordCount":50,"publisher":{"@id":"https:\/\/esffera.com\/blog\/#organization"},"image":{"@id":"https:\/\/esffera.com\/blog\/laboratorios-boniquet-e-interlax-confian-su-logistica-a-galyco\/#primaryimage"},"thumbnailUrl":"https:\/\/esffera.com\/blog\/wp-content\/uploads\/2006\/02\/home_5.jpg","inLanguage":"es"},{"@type":"WebPage","@id":"https:\/\/esffera.com\/blog\/laboratorios-boniquet-e-interlax-confian-su-logistica-a-galyco\/","url":"https:\/\/esffera.com\/blog\/laboratorios-boniquet-e-interlax-confian-su-logistica-a-galyco\/","name":"Los laboratorios Boniquet e Interlax confian su logistica a Galyco","isPartOf":{"@id":"https:\/\/esffera.com\/blog\/#website"},"primaryImageOfPage":{"@id":"https:\/\/esffera.com\/blog\/laboratorios-boniquet-e-interlax-confian-su-logistica-a-galyco\/#primaryimage"},"image":{"@id":"https:\/\/esffera.com\/blog\/laboratorios-boniquet-e-interlax-confian-su-logistica-a-galyco\/#primaryimage"},"thumbnailUrl":"https:\/\/esffera.com\/blog\/wp-content\/uploads\/2006\/02\/home_5.jpg","datePublished":"2025-12-16T14:39:14+00:00","dateModified":"2026-01-22T07:51:05+00:00","breadcrumb":{"@id":"https:\/\/esffera.com\/blog\/laboratorios-boniquet-e-interlax-confian-su-logistica-a-galyco\/#breadcrumb"},"inLanguage":"es","potentialAction":[{"@type":"ReadAction","target":["https:\/\/esffera.com\/blog\/laboratorios-boniquet-e-interlax-confian-su-logistica-a-galyco\/"]}]},{"@type":"ImageObject","inLanguage":"es","@id":"https:\/\/esffera.com\/blog\/laboratorios-boniquet-e-interlax-confian-su-logistica-a-galyco\/#primaryimage","url":"https:\/\/esffera.com\/blog\/wp-content\/uploads\/2006\/02\/home_5.jpg","contentUrl":"https:\/\/esffera.com\/blog\/wp-content\/uploads\/2006\/02\/home_5.jpg","width":980,"height":396},{"@type":"BreadcrumbList","@id":"https:\/\/esffera.com\/blog\/laboratorios-boniquet-e-interlax-confian-su-logistica-a-galyco\/#breadcrumb","itemListElement":[{"@type":"ListItem","position":1,"name":"Portada","item":"https:\/\/esffera.com\/blog\/"},{"@type":"ListItem","position":2,"name":"Los laboratorios Boniquet e Interlax confian su logistica a esffera."}]},{"@type":"WebSite","@id":"https:\/\/esffera.com\/blog\/#website","url":"https:\/\/esffera.com\/blog\/","name":"Esffera Blog","description":"","publisher":{"@id":"https:\/\/esffera.com\/blog\/#organization"},"potentialAction":[{"@type":"SearchAction","target":{"@type":"EntryPoint","urlTemplate":"https:\/\/esffera.com\/blog\/?s={search_term_string}"},"query-input":{"@type":"PropertyValueSpecification","valueRequired":true,"valueName":"search_term_string"}}],"inLanguage":"es"},{"@type":"Organization","@id":"https:\/\/esffera.com\/blog\/#organization","name":"Esffera Blog","url":"https:\/\/esffera.com\/blog\/","logo":{"@type":"ImageObject","inLanguage":"es","@id":"https:\/\/esffera.com\/blog\/#\/schema\/logo\/image\/","url":"https:\/\/esffera.com\/blog\/wp-content\/uploads\/2025\/12\/logo-esffera-negro.png","contentUrl":"https:\/\/esffera.com\/blog\/wp-content\/uploads\/2025\/12\/logo-esffera-negro.png","width":798,"height":321,"caption":"Esffera Blog"},"image":{"@id":"https:\/\/esffera.com\/blog\/#\/schema\/logo\/image\/"},"sameAs":["https:\/\/www.tiktok.com\/@esfferatecnologistics","https:\/\/www.linkedin.com\/company\/esffera-tecnologistics","https:\/\/www.instagram.com\/esfferatecnologistics\/"]},{"@type":"Person","@id":"https:\/\/esffera.com\/blog\/#\/schema\/person\/820f06ed7bba656d2566633b2cd43c58","name":"admin","image":{"@type":"ImageObject","inLanguage":"es","@id":"https:\/\/esffera.com\/blog\/#\/schema\/person\/image\/","url":"https:\/\/secure.gravatar.com\/avatar\/aa0035bf7bdeb3438023d75f2e53baba3919802ff16918755455ebee6f9ddadb?s=96&d=mm&r=g","contentUrl":"https:\/\/secure.gravatar.com\/avatar\/aa0035bf7bdeb3438023d75f2e53baba3919802ff16918755455ebee6f9ddadb?s=96&d=mm&r=g","caption":"admin"},"sameAs":["https:\/\/esffera.com\/blog"],"url":"https:\/\/esffera.com\/blog\/author\/esfferaadm2998\/"}]}},"_links":{"self":[{"href":"https:\/\/esffera.com\/blog\/wp-json\/wp\/v2\/posts\/717","targetHints":{"allow":["GET"]}}],"collection":[{"href":"https:\/\/esffera.com\/blog\/wp-json\/wp\/v2\/posts"}],"about":[{"href":"https:\/\/esffera.com\/blog\/wp-json\/wp\/v2\/types\/post"}],"author":[{"embeddable":true,"href":"https:\/\/esffera.com\/blog\/wp-json\/wp\/v2\/users\/1"}],"replies":[{"embeddable":true,"href":"https:\/\/esffera.com\/blog\/wp-json\/wp\/v2\/comments?post=717"}],"version-history":[{"count":4,"href":"https:\/\/esffera.com\/blog\/wp-json\/wp\/v2\/posts\/717\/revisions"}],"predecessor-version":[{"id":4670,"href":"https:\/\/esffera.com\/blog\/wp-json\/wp\/v2\/posts\/717\/revisions\/4670"}],"wp:featuredmedia":[{"embeddable":true,"href":"https:\/\/esffera.com\/blog\/wp-json\/wp\/v2\/media\/4393"}],"wp:attachment":[{"href":"https:\/\/esffera.com\/blog\/wp-json\/wp\/v2\/media?parent=717"}],"wp:term":[{"taxonomy":"category","embeddable":true,"href":"https:\/\/esffera.com\/blog\/wp-json\/wp\/v2\/categories?post=717"},{"taxonomy":"post_tag","embeddable":true,"href":"https:\/\/esffera.com\/blog\/wp-json\/wp\/v2\/tags?post=717"}],"curies":[{"name":"wp","href":"https:\/\/api.w.org\/{rel}","templated":true}]}}